{"id":10004,"date":"2018-06-14T11:01:17","date_gmt":"2018-06-14T11:01:17","guid":{"rendered":"http:\/\/manelmorral.cat\/blog\/?p=10004"},"modified":"2018-06-14T11:01:17","modified_gmt":"2018-06-14T11:01:17","slug":"la-romanca-3-0-del-drac-negre","status":"publish","type":"post","link":"http:\/\/manelmorral.cat\/blog\/?p=10004","title":{"rendered":"LA ROMAN\u00c7A 3.0 DEL DRAC NEGRE"},"content":{"rendered":"<p style=\"text-align: center;\">Una bona proposta per anotar a la agenda:<br \/>\n5 juliol de 2018 a les 20,30<br \/>\nCapvespres als jardinets de la<br \/>\nBiblioteca Pompeu Fabra de Matar\u00f3<br \/>\nLectura dramatitzada de:<span class=\"text_exposed_show\"><br \/>\n<strong>&#8220;LA ROMAN\u00c7A 3.0 DEL DRAC NEGRE&#8221;<\/strong><br \/>\nde Salvador Riera<\/span><\/p>\n<p><a href=\"https:\/\/i0.wp.com\/manelmorral.cat\/blog\/wp-content\/uploads\/2018\/06\/cartell-biblioteques-Copiar.jpg\"><img data-attachment-id=\"10005\" data-permalink=\"http:\/\/manelmorral.cat\/blog\/?attachment_id=10005\" data-orig-file=\"https:\/\/i0.wp.com\/manelmorral.cat\/blog\/wp-content\/uploads\/2018\/06\/cartell-biblioteques-Copiar.jpg?fit=740%2C1050\" data-orig-size=\"740,1050\" data-comments-opened=\"0\" data-image-meta=\"{&quot;aperture&quot;:&quot;0&quot;,&quot;credit&quot;:&quot;&quot;,&quot;camera&quot;:&quot;&quot;,&quot;caption&quot;:&quot;&quot;,&quot;created_timestamp&quot;:&quot;0&quot;,&quot;copyright&quot;:&quot;&quot;,&quot;focal_length&quot;:&quot;0&quot;,&quot;iso&quot;:&quot;0&quot;,&quot;shutter_speed&quot;:&quot;0&quot;,&quot;title&quot;:&quot;&quot;,&quot;orientation&quot;:&quot;1&quot;}\" data-image-title=\"cartell biblioteques (Copiar)\" data-image-description=\"\" data-image-caption=\"\" data-medium-file=\"https:\/\/i0.wp.com\/manelmorral.cat\/blog\/wp-content\/uploads\/2018\/06\/cartell-biblioteques-Copiar.jpg?fit=211%2C300\" data-large-file=\"https:\/\/i0.wp.com\/manelmorral.cat\/blog\/wp-content\/uploads\/2018\/06\/cartell-biblioteques-Copiar.jpg?fit=722%2C1024\" decoding=\"async\" loading=\"lazy\" class=\"aligncenter size-large wp-image-10005\" src=\"https:\/\/i0.wp.com\/manelmorral.cat\/blog\/wp-content\/uploads\/2018\/06\/cartell-biblioteques-Copiar.jpg?resize=722%2C1024\" alt=\"\" width=\"722\" height=\"1024\" srcset=\"https:\/\/i0.wp.com\/manelmorral.cat\/blog\/wp-content\/uploads\/2018\/06\/cartell-biblioteques-Copiar.jpg?resize=722%2C1024 722w, https:\/\/i0.wp.com\/manelmorral.cat\/blog\/wp-content\/uploads\/2018\/06\/cartell-biblioteques-Copiar.jpg?resize=211%2C300 211w, https:\/\/i0.wp.com\/manelmorral.cat\/blog\/wp-content\/uploads\/2018\/06\/cartell-biblioteques-Copiar.jpg?w=740 740w\" sizes=\"(max-width: 722px) 100vw, 722px\" data-recalc-dims=\"1\" \/><\/a> <a href=\"https:\/\/i0.wp.com\/manelmorral.cat\/blog\/wp-content\/uploads\/2018\/06\/programa-de-ma-3-Copiar.jpg\"><img data-attachment-id=\"10006\" data-permalink=\"http:\/\/manelmorral.cat\/blog\/?attachment_id=10006\" data-orig-file=\"https:\/\/i0.wp.com\/manelmorral.cat\/blog\/wp-content\/uploads\/2018\/06\/programa-de-ma-3-Copiar.jpg?fit=700%2C1050\" data-orig-size=\"700,1050\" data-comments-opened=\"0\" data-image-meta=\"{&quot;aperture&quot;:&quot;0&quot;,&quot;credit&quot;:&quot;&quot;,&quot;camera&quot;:&quot;&quot;,&quot;caption&quot;:&quot;&quot;,&quot;created_timestamp&quot;:&quot;0&quot;,&quot;copyright&quot;:&quot;&quot;,&quot;focal_length&quot;:&quot;0&quot;,&quot;iso&quot;:&quot;0&quot;,&quot;shutter_speed&quot;:&quot;0&quot;,&quot;title&quot;:&quot;&quot;,&quot;orientation&quot;:&quot;1&quot;}\" data-image-title=\"programa de ma-3 (Copiar)\" data-image-description=\"\" data-image-caption=\"\" data-medium-file=\"https:\/\/i0.wp.com\/manelmorral.cat\/blog\/wp-content\/uploads\/2018\/06\/programa-de-ma-3-Copiar.jpg?fit=200%2C300\" data-large-file=\"https:\/\/i0.wp.com\/manelmorral.cat\/blog\/wp-content\/uploads\/2018\/06\/programa-de-ma-3-Copiar.jpg?fit=683%2C1024\" decoding=\"async\" loading=\"lazy\" class=\"aligncenter size-large wp-image-10006\" src=\"https:\/\/i0.wp.com\/manelmorral.cat\/blog\/wp-content\/uploads\/2018\/06\/programa-de-ma-3-Copiar.jpg?resize=683%2C1024\" alt=\"\" width=\"683\" height=\"1024\" srcset=\"https:\/\/i0.wp.com\/manelmorral.cat\/blog\/wp-content\/uploads\/2018\/06\/programa-de-ma-3-Copiar.jpg?resize=683%2C1024 683w, https:\/\/i0.wp.com\/manelmorral.cat\/blog\/wp-content\/uploads\/2018\/06\/programa-de-ma-3-Copiar.jpg?resize=200%2C300 200w, https:\/\/i0.wp.com\/manelmorral.cat\/blog\/wp-content\/uploads\/2018\/06\/programa-de-ma-3-Copiar.jpg?w=700 700w\" sizes=\"(max-width: 683px) 100vw, 683px\" data-recalc-dims=\"1\" \/><\/a> <a href=\"https:\/\/i0.wp.com\/manelmorral.cat\/blog\/wp-content\/uploads\/2018\/06\/programa-de-ma-4-Copiar.jpg\"><img data-attachment-id=\"10007\" data-permalink=\"http:\/\/manelmorral.cat\/blog\/?attachment_id=10007\" data-orig-file=\"https:\/\/i0.wp.com\/manelmorral.cat\/blog\/wp-content\/uploads\/2018\/06\/programa-de-ma-4-Copiar.jpg?fit=709%2C1050\" data-orig-size=\"709,1050\" data-comments-opened=\"0\" data-image-meta=\"{&quot;aperture&quot;:&quot;0&quot;,&quot;credit&quot;:&quot;&quot;,&quot;camera&quot;:&quot;&quot;,&quot;caption&quot;:&quot;&quot;,&quot;created_timestamp&quot;:&quot;0&quot;,&quot;copyright&quot;:&quot;&quot;,&quot;focal_length&quot;:&quot;0&quot;,&quot;iso&quot;:&quot;0&quot;,&quot;shutter_speed&quot;:&quot;0&quot;,&quot;title&quot;:&quot;&quot;,&quot;orientation&quot;:&quot;1&quot;}\" data-image-title=\"programa de ma-4 (Copiar)\" data-image-description=\"\" data-image-caption=\"\" data-medium-file=\"https:\/\/i0.wp.com\/manelmorral.cat\/blog\/wp-content\/uploads\/2018\/06\/programa-de-ma-4-Copiar.jpg?fit=203%2C300\" data-large-file=\"https:\/\/i0.wp.com\/manelmorral.cat\/blog\/wp-content\/uploads\/2018\/06\/programa-de-ma-4-Copiar.jpg?fit=691%2C1024\" decoding=\"async\" loading=\"lazy\" class=\"aligncenter size-large wp-image-10007\" src=\"https:\/\/i0.wp.com\/manelmorral.cat\/blog\/wp-content\/uploads\/2018\/06\/programa-de-ma-4-Copiar.jpg?resize=691%2C1024\" alt=\"\" width=\"691\" height=\"1024\" srcset=\"https:\/\/i0.wp.com\/manelmorral.cat\/blog\/wp-content\/uploads\/2018\/06\/programa-de-ma-4-Copiar.jpg?resize=691%2C1024 691w, https:\/\/i0.wp.com\/manelmorral.cat\/blog\/wp-content\/uploads\/2018\/06\/programa-de-ma-4-Copiar.jpg?resize=203%2C300 203w, https:\/\/i0.wp.com\/manelmorral.cat\/blog\/wp-content\/uploads\/2018\/06\/programa-de-ma-4-Copiar.jpg?w=709 709w\" sizes=\"(max-width: 691px) 100vw, 691px\" data-recalc-dims=\"1\" \/><\/a><\/p>\n","protected":false},"excerpt":{"rendered":"<p>Una bona proposta per anotar a la agenda: 5 juliol de 2018 a les 20,30 Capvespres als jardinets de la Biblioteca Pompeu Fabra de Matar\u00f3 Lectura dramatitzada de: &#8220;LA ROMAN\u00c7A 3.0 DEL DRAC NEGRE&#8221; de Salvador Riera<\/p>\n","protected":false},"author":2,"featured_media":0,"comment_status":"open","ping_status":"closed","sticky":false,"template":"","format":"standard","meta":{"ngg_post_thumbnail":0,"jetpack_post_was_ever_published":false,"_jetpack_newsletter_access":"","_jetpack_newsletter_tier_id":0,"jetpack_publicize_message":"","jetpack_is_tweetstorm":false,"jetpack_publicize_feature_enabled":true,"jetpack_social_post_already_shared":true,"jetpack_social_options":{"image_generator_settings":{"template":"highway","enabled":false}}},"categories":[1],"tags":[],"jetpack_publicize_connections":[],"jetpack_featured_media_url":"","jetpack_sharing_enabled":true,"jetpack_shortlink":"https:\/\/wp.me\/p8PLxk-2Bm","jetpack-related-posts":[{"id":10153,"url":"http:\/\/manelmorral.cat\/blog\/?p=10153","url_meta":{"origin":10004,"position":0},"title":"ROMAN\u00c7A 3.0 DEL DRAC NEGRE","author":"manel","date":"17\/04\/2019","format":false,"excerpt":"","rel":"","context":"A &quot;Tics, tocs i tacs del dia a dia&quot;","block_context":{"text":"Tics, tocs i tacs del dia a dia","link":"http:\/\/manelmorral.cat\/blog\/?cat=1"},"img":{"alt_text":"","src":"https:\/\/i0.wp.com\/manelmorral.cat\/blog\/wp-content\/uploads\/2019\/04\/romansadracnegre2-2.jpg?resize=350%2C200","width":350,"height":200,"srcset":"https:\/\/i0.wp.com\/manelmorral.cat\/blog\/wp-content\/uploads\/2019\/04\/romansadracnegre2-2.jpg?resize=350%2C200 1x, https:\/\/i0.wp.com\/manelmorral.cat\/blog\/wp-content\/uploads\/2019\/04\/romansadracnegre2-2.jpg?resize=525%2C300 1.5x, https:\/\/i0.wp.com\/manelmorral.cat\/blog\/wp-content\/uploads\/2019\/04\/romansadracnegre2-2.jpg?resize=700%2C400 2x, https:\/\/i0.wp.com\/manelmorral.cat\/blog\/wp-content\/uploads\/2019\/04\/romansadracnegre2-2.jpg?resize=1050%2C600 3x"},"classes":[]},{"id":10020,"url":"http:\/\/manelmorral.cat\/blog\/?p=10020","url_meta":{"origin":10004,"position":1},"title":"UN CAPVESPRE SENSACIONAL A LA BIBLIOTECA POMPEU FABRA DE MATAR\u00d3","author":"manel","date":"08\/07\/2018","format":false,"excerpt":"Dijous passat, dia 7 de juliol, es va fer la lectura teatralitzada de la \"Roman\u00e7a 3.0 DEL DRAC NEGRE\" de SALVADOR RIERA i SOLSONA Va ser en el marc dels \"CAPVESPRES ALS JARDINETS\" de la BIBLIOTECA POMPEU FABRA. En acabar ens van obsequiar una copa de cava per celebrar el\u2026","rel":"","context":"A &quot;Tics, tocs i tacs del dia a dia&quot;","block_context":{"text":"Tics, tocs i tacs del dia a dia","link":"http:\/\/manelmorral.cat\/blog\/?cat=1"},"img":{"alt_text":"","src":"","width":0,"height":0},"classes":[]},{"id":8994,"url":"http:\/\/manelmorral.cat\/blog\/?p=8994","url_meta":{"origin":10004,"position":2},"title":"SANT JORDI versi\u00f3 MANEL","author":"manel","date":"23\/04\/2017","format":false,"excerpt":"Glosa de la llegenda de\u00a0SANT JORDI \u00a0er\u00f3tico-sical\u00edptica-i-festivalera, si m\u00e9s no diferent, divertida i...\u00a0qui pot dir amb certesa que no va succeir com vaig dibuixar-ho ? Fa 19 anys d'aquest dibuix, per\u00f2 penso anar repetint-lo doncs segur que \u00e9s una visi\u00f3 for\u00e1 acertada, al meu parer, del que va passar entre\u2026","rel":"","context":"A &quot;Tics, tocs i tacs del dia a dia&quot;","block_context":{"text":"Tics, tocs i tacs del dia a dia","link":"http:\/\/manelmorral.cat\/blog\/?cat=1"},"img":{"alt_text":"","src":"https:\/\/i0.wp.com\/manelmorral.cat\/blog\/wp-content\/uploads\/2014\/04\/01-LA-VERITABLE-LLEGENDA-DE-SANT-JORDI-1998-278x300.jpg?resize=350%2C200","width":350,"height":200},"classes":[]},{"id":87,"url":"http:\/\/manelmorral.cat\/blog\/?p=87","url_meta":{"origin":10004,"position":3},"title":"LA VACA CEGA","author":"manel","date":"07\/02\/2010","format":false,"excerpt":"BENVINGUTS AL \"BLOG\" D'EN MANEL Per la diada de Sant Jordi de 2009 vaig dibuixar el poema d\u2019en Joan Maragall \u201cLA VACA CEGA\u201d ( http:\/\/ca.wikipedia.org\/wiki\/La_vaca_cega ) en quatre lamines, per explicar-lo als nens de P4 de l\u2019escola a on va el meu net. Vaig fer-ne grups de 4 lamines en\u2026","rel":"","context":"A &quot;Tics, tocs i tacs del dia a dia&quot;","block_context":{"text":"Tics, tocs i tacs del dia a dia","link":"http:\/\/manelmorral.cat\/blog\/?cat=1"},"img":{"alt_text":"","src":"","width":0,"height":0},"classes":[]},{"id":9505,"url":"http:\/\/manelmorral.cat\/blog\/?p=9505","url_meta":{"origin":10004,"position":4},"title":"L&#8217;1 d&#8217;OCTUBRE&#8230; V O T A R E M !!!","author":"manel","date":"29\/09\/2017","format":false,"excerpt":"Aquest mat\u00ed escoltaba per la r\u00e0dio al Zoido, ministre de l'interior d'espanya, i se m'ha revoltat l'est\u00f2mac. Quin f\u00e0stic de personatge, tan tenebr\u00f3s i execrable com el seu antecesor de infausta mem\u00f2ria el Fern\u00e1ndez Diaz, aquell que viu a les clavegueres. Entre d'altres barbaritats i collonades ha assegurat haver pres\u2026","rel":"","context":"A &quot;Tics, tocs i tacs del dia a dia&quot;","block_context":{"text":"Tics, tocs i tacs del dia a dia","link":"http:\/\/manelmorral.cat\/blog\/?cat=1"},"img":{"alt_text":"","src":"https:\/\/i0.wp.com\/manelmorral.cat\/blog\/wp-content\/uploads\/2017\/09\/ZOIDO-FACHA-REPRESOR-1-223x300.jpg?resize=350%2C200","width":350,"height":200},"classes":[]},{"id":9708,"url":"http:\/\/manelmorral.cat\/blog\/?p=9708","url_meta":{"origin":10004,"position":5},"title":"BONES FESTES I SORT, MOLTA SORT PER AL 2018","author":"manel","date":"20\/12\/2017","format":false,"excerpt":"UNA FELICITACI\u00d3 EN BLANC I NEGRE, MALAURADAMENT COM LA REALITAT QUE ENS ENVOLTA, PER\u00d2 NO PER AIX\u00d2 HA DE SER PESIMISTA. UNES IMATGES ACOMPANYADES DE DESITJOS DE MILLORA EN TOTS ELS \u00c0MBITS.\u00a0 \u00a0 \u00a0 \u00a0\u00a0 BONES FESTES I SORT, MOLTA SORT PER AL 2018 !!! \u00a0 \u00a0","rel":"","context":"A &quot;Tics, tocs i tacs del dia a dia&quot;","block_context":{"text":"Tics, tocs i tacs del dia a dia","link":"http:\/\/manelmorral.cat\/blog\/?cat=1"},"img":{"alt_text":"","src":"","width":0,"height":0},"classes":[]}],"_links":{"self":[{"href":"http:\/\/manelmorral.cat\/blog\/index.php?rest_route=\/wp\/v2\/posts\/10004"}],"collection":[{"href":"http:\/\/manelmorral.cat\/blog\/index.php?rest_route=\/wp\/v2\/posts"}],"about":[{"href":"http:\/\/manelmorral.cat\/blog\/index.php?rest_route=\/wp\/v2\/types\/post"}],"author":[{"embeddable":true,"href":"http:\/\/manelmorral.cat\/blog\/index.php?rest_route=\/wp\/v2\/users\/2"}],"replies":[{"embeddable":true,"href":"http:\/\/manelmorral.cat\/blog\/index.php?rest_route=%2Fwp%2Fv2%2Fcomments&post=10004"}],"version-history":[{"count":0,"href":"http:\/\/manelmorral.cat\/blog\/index.php?rest_route=\/wp\/v2\/posts\/10004\/revisions"}],"wp:attachment":[{"href":"http:\/\/manelmorral.cat\/blog\/index.php?rest_route=%2Fwp%2Fv2%2Fmedia&parent=10004"}],"wp:term":[{"taxonomy":"category","embeddable":true,"href":"http:\/\/manelmorral.cat\/blog\/index.php?rest_route=%2Fwp%2Fv2%2Fcategories&post=10004"},{"taxonomy":"post_tag","embeddable":true,"href":"http:\/\/manelmorral.cat\/blog\/index.php?rest_route=%2Fwp%2Fv2%2Ftags&post=10004"}],"curies":[{"name":"wp","href":"https:\/\/api.w.org\/{rel}","templated":true}]}}