{"id":2030,"date":"2011-02-07T15:09:01","date_gmt":"2011-02-07T15:09:01","guid":{"rendered":"http:\/\/manelmorral.cat\/blog\/?p=2030"},"modified":"2014-12-19T16:46:54","modified_gmt":"2014-12-19T16:46:54","slug":"els-sots-ferestecs-la-vergonya-de-lullar","status":"publish","type":"post","link":"http:\/\/manelmorral.cat\/blog\/?p=2030","title":{"rendered":"&#8220;ELS SOTS FER\u00c9STECS: LA VERGONYA DE L\u2019ULLAR  -M\u00c9S INFORMACI\u00d3-"},"content":{"rendered":"<p style=\"text-align: justify;\">El que tenia de ser una caminada tranquil\u00b7la i relaxant s\u2019ha convertit en una emprenyada davant l\u2019espectacle de degradaci\u00f3 del medi ambient i atac a la natura que hem trobat tot just comen\u00e7ar. Es tracta de la masia de l\u2019Ullar i el seu entorn.<\/p>\n<p style=\"text-align: justify;\"><span style=\"text-decoration: underline;\">Text tret d\u2019internet:<\/span><\/p>\n<p style=\"text-align: justify;\"><span style=\"text-decoration: underline;\"><em><span style=\"color: #ff0000;\"><strong>L&#8217;ULLAR<\/strong><\/span><\/em><\/span><\/p>\n<p style=\"text-align: justify;\"><em><span style=\"color: #ff0000;\">\u00c9s un casal habitat documentat ja a l&#8217;any 1251, l&#8217;antiga masia de l&#8217;Ullar (Ui\u00e0 segons la fon\u00e8tica de la zona) va ser habitada per la fam\u00edlia Ullar fins a principis del segle XX. <strong><span style=\"text-decoration: underline;\">L&#8217;edifici est\u00e0 incl\u00f2s dins el cat\u00e0leg d&#8217;edificacions d&#8217;inter\u00e8s hist\u00f2ric i art\u00edstic del municipi de Figar\u00f3-Montmany<\/span><\/strong>. En els darrers anys s&#8217;han constru\u00eft diverses edificacions que no respecten les tipologies constructives tradicionals i que presenten un greu impacte paisatg\u00edstic. A causa de que no es van emprendre mesures legals en el moment de la seva construcci\u00f3 bona part de les infraccions urban\u00edstiques comeses ja han prescrit.<\/span><\/em><\/p>\n<p style=\"text-align: justify;\"><span style=\"color: #000000;\">Per\u00f2 a la vista de la situaci\u00f3 actual \u00e9s evident que, a part de les urban\u00edstiques, hi ha un munt d&#8217;infraccions que no han prescrit.<\/span><\/p>\n<p style=\"text-align: justify;\"><a href=\"http:\/\/manelmorral.cat\/blog\/wp-content\/uploads\/2011\/02\/n_cap_tol_13_-_l_ullar_i_can_valls1.pdf\"><strong>AQU\u00cd<\/strong><\/a> podeu llegir un fragment d\u2019un informe de <strong><em>&#8220;<\/em><\/strong><strong><em>Apr\u00e8n, Serveis Ambientals SCCL de la Generalitat&#8221; <\/em><\/strong>que ja fa temps denunciava la situaci\u00f3. Us en recomano la seva lectura doncs, si b\u00e9 us emprenyar\u00e0, es molt aclaridor de la situaci\u00f3 actual de l&#8217;indret.<\/p>\n<p style=\"text-align: justify;\">L\u2019Ullar, un dels referents principals de la novel\u00b7la de Raimon Casellas \u201cELS SOTS FER\u00c9STECTS\u201d, avui no \u00e9s res m\u00e9s que un abocador. Disseminats en un espai molt gran s\u2019hi troben tota mena de maquines i andr\u00f2mines v\u00e0ries en un estat de total abandonament i degradaci\u00f3. Per a m\u00e9s greuja tot aquest desgavell \u00e9s a pocs metres de l\u2019ermita de Sant Pau de Montmany que tamb\u00e9 est\u00e0 en un estat m\u00e9s que deplorable, totalment ru\u00efn\u00f3s&#8230; deu ser per no desentonar amb un entorn de porqueria i degradaci\u00f3.<\/p>\n<p style=\"text-align: justify;\">\u00c9s incomprensible que als qui pertoqui no hi hagin posat soluci\u00f3.<\/p>\n<p>No m&#8217;ho invento, mireu aquestes fotografies; la \u00faltima, a\u00e8ria, es treta de internet les altres las vaig fer ahir mateix:<\/p>\n<!-- index.php -->\n<div\n\tclass=\"ngg-galleryoverview\"\n\tid=\"ngg-gallery-fc96d1ef0e9164fd58e46c86da7106f4-1\">\n\n    \t\t<!-- Thumbnails -->\n\t\t\t\t<div id=\"ngg-image-0\" class=\"ngg-gallery-thumbnail-box\" >\n\t\t\t\t        <div class=\"ngg-gallery-thumbnail\">\n            <a href=\"http:\/\/manelmorral.cat\/blog\/wp-content\/gallery\/els-sots-ferestecs-la-vergonya-de-lullar\/dscn6834.jpg\"\n               title=\"\"\n               data-src=\"http:\/\/manelmorral.cat\/blog\/wp-content\/gallery\/els-sots-ferestecs-la-vergonya-de-lullar\/dscn6834.jpg\"\n               data-thumbnail=\"http:\/\/manelmorral.cat\/blog\/wp-content\/gallery\/els-sots-ferestecs-la-vergonya-de-lullar\/thumbs\/thumbs_dscn6834.jpg\"\n               data-image-id=\"483\"\n               data-title=\"dscn6834\"\n               data-description=\"\"\n               data-image-slug=\"dscn6834\"\n               class=\"shutterset_fc96d1ef0e9164fd58e46c86da7106f4\">\n                <img\n                    title=\"dscn6834\"\n                    alt=\"dscn6834\"\n                    src=\"http:\/\/manelmorral.cat\/blog\/wp-content\/gallery\/els-sots-ferestecs-la-vergonya-de-lullar\/thumbs\/thumbs_dscn6834.jpg\"\n                    width=\"100\"\n                    height=\"75\"\n                    style=\"max-width:100%;\"\n                \/>\n            <\/a>\n        <\/div>\n\t\t\t\t\t\t\t<\/div> \n\t\t\t\n        \n\t\t\t\t<div id=\"ngg-image-1\" class=\"ngg-gallery-thumbnail-box\" >\n\t\t\t\t        <div class=\"ngg-gallery-thumbnail\">\n            <a href=\"http:\/\/manelmorral.cat\/blog\/wp-content\/gallery\/els-sots-ferestecs-la-vergonya-de-lullar\/dscn6835.jpg\"\n               title=\"\"\n               data-src=\"http:\/\/manelmorral.cat\/blog\/wp-content\/gallery\/els-sots-ferestecs-la-vergonya-de-lullar\/dscn6835.jpg\"\n               data-thumbnail=\"http:\/\/manelmorral.cat\/blog\/wp-content\/gallery\/els-sots-ferestecs-la-vergonya-de-lullar\/thumbs\/thumbs_dscn6835.jpg\"\n               data-image-id=\"484\"\n               data-title=\"dscn6835\"\n               data-description=\"\"\n               data-image-slug=\"dscn6835\"\n               class=\"shutterset_fc96d1ef0e9164fd58e46c86da7106f4\">\n                <img\n                    title=\"dscn6835\"\n                    alt=\"dscn6835\"\n                    src=\"http:\/\/manelmorral.cat\/blog\/wp-content\/gallery\/els-sots-ferestecs-la-vergonya-de-lullar\/thumbs\/thumbs_dscn6835.jpg\"\n                    width=\"100\"\n                    height=\"75\"\n                    style=\"max-width:100%;\"\n                \/>\n            <\/a>\n        <\/div>\n\t\t\t\t\t\t\t<\/div> \n\t\t\t\n        \n\t\t\t\t<div id=\"ngg-image-2\" class=\"ngg-gallery-thumbnail-box\" >\n\t\t\t\t        <div class=\"ngg-gallery-thumbnail\">\n            <a href=\"http:\/\/manelmorral.cat\/blog\/wp-content\/gallery\/els-sots-ferestecs-la-vergonya-de-lullar\/dscn6836.jpg\"\n               title=\"\"\n               data-src=\"http:\/\/manelmorral.cat\/blog\/wp-content\/gallery\/els-sots-ferestecs-la-vergonya-de-lullar\/dscn6836.jpg\"\n               data-thumbnail=\"http:\/\/manelmorral.cat\/blog\/wp-content\/gallery\/els-sots-ferestecs-la-vergonya-de-lullar\/thumbs\/thumbs_dscn6836.jpg\"\n               data-image-id=\"485\"\n               data-title=\"dscn6836\"\n               data-description=\"\"\n               data-image-slug=\"dscn6836\"\n               class=\"shutterset_fc96d1ef0e9164fd58e46c86da7106f4\">\n                <img\n                    title=\"dscn6836\"\n                    alt=\"dscn6836\"\n                    src=\"http:\/\/manelmorral.cat\/blog\/wp-content\/gallery\/els-sots-ferestecs-la-vergonya-de-lullar\/thumbs\/thumbs_dscn6836.jpg\"\n                    width=\"100\"\n                    height=\"75\"\n                    style=\"max-width:100%;\"\n                \/>\n            <\/a>\n        <\/div>\n\t\t\t\t\t\t\t<\/div> \n\t\t\t\n        \n\t\t\t\t<div id=\"ngg-image-3\" class=\"ngg-gallery-thumbnail-box\" >\n\t\t\t\t        <div class=\"ngg-gallery-thumbnail\">\n            <a href=\"http:\/\/manelmorral.cat\/blog\/wp-content\/gallery\/els-sots-ferestecs-la-vergonya-de-lullar\/dscn6837.jpg\"\n               title=\"\"\n               data-src=\"http:\/\/manelmorral.cat\/blog\/wp-content\/gallery\/els-sots-ferestecs-la-vergonya-de-lullar\/dscn6837.jpg\"\n               data-thumbnail=\"http:\/\/manelmorral.cat\/blog\/wp-content\/gallery\/els-sots-ferestecs-la-vergonya-de-lullar\/thumbs\/thumbs_dscn6837.jpg\"\n               data-image-id=\"486\"\n               data-title=\"dscn6837\"\n               data-description=\"\"\n               data-image-slug=\"dscn6837\"\n               class=\"shutterset_fc96d1ef0e9164fd58e46c86da7106f4\">\n                <img\n                    title=\"dscn6837\"\n                    alt=\"dscn6837\"\n                    src=\"http:\/\/manelmorral.cat\/blog\/wp-content\/gallery\/els-sots-ferestecs-la-vergonya-de-lullar\/thumbs\/thumbs_dscn6837.jpg\"\n                    width=\"100\"\n                    height=\"75\"\n                    style=\"max-width:100%;\"\n                \/>\n            <\/a>\n        <\/div>\n\t\t\t\t\t\t\t<\/div> \n\t\t\t\n        \n\t\t\t\t<div id=\"ngg-image-4\" class=\"ngg-gallery-thumbnail-box\" >\n\t\t\t\t        <div class=\"ngg-gallery-thumbnail\">\n            <a href=\"http:\/\/manelmorral.cat\/blog\/wp-content\/gallery\/els-sots-ferestecs-la-vergonya-de-lullar\/dscn6838.jpg\"\n               title=\"\"\n               data-src=\"http:\/\/manelmorral.cat\/blog\/wp-content\/gallery\/els-sots-ferestecs-la-vergonya-de-lullar\/dscn6838.jpg\"\n               data-thumbnail=\"http:\/\/manelmorral.cat\/blog\/wp-content\/gallery\/els-sots-ferestecs-la-vergonya-de-lullar\/thumbs\/thumbs_dscn6838.jpg\"\n               data-image-id=\"487\"\n               data-title=\"dscn6838\"\n               data-description=\"\"\n               data-image-slug=\"dscn6838\"\n               class=\"shutterset_fc96d1ef0e9164fd58e46c86da7106f4\">\n                <img\n                    title=\"dscn6838\"\n                    alt=\"dscn6838\"\n                    src=\"http:\/\/manelmorral.cat\/blog\/wp-content\/gallery\/els-sots-ferestecs-la-vergonya-de-lullar\/thumbs\/thumbs_dscn6838.jpg\"\n                    width=\"100\"\n                    height=\"75\"\n                    style=\"max-width:100%;\"\n                \/>\n            <\/a>\n        <\/div>\n\t\t\t\t\t\t\t<\/div> \n\t\t\t\n        \n\t\t\t\t<div id=\"ngg-image-5\" class=\"ngg-gallery-thumbnail-box\" >\n\t\t\t\t        <div class=\"ngg-gallery-thumbnail\">\n            <a href=\"http:\/\/manelmorral.cat\/blog\/wp-content\/gallery\/els-sots-ferestecs-la-vergonya-de-lullar\/dscn6839.jpg\"\n               title=\"\"\n               data-src=\"http:\/\/manelmorral.cat\/blog\/wp-content\/gallery\/els-sots-ferestecs-la-vergonya-de-lullar\/dscn6839.jpg\"\n               data-thumbnail=\"http:\/\/manelmorral.cat\/blog\/wp-content\/gallery\/els-sots-ferestecs-la-vergonya-de-lullar\/thumbs\/thumbs_dscn6839.jpg\"\n               data-image-id=\"488\"\n               data-title=\"dscn6839\"\n               data-description=\"\"\n               data-image-slug=\"dscn6839\"\n               class=\"shutterset_fc96d1ef0e9164fd58e46c86da7106f4\">\n                <img\n                    title=\"dscn6839\"\n                    alt=\"dscn6839\"\n                    src=\"http:\/\/manelmorral.cat\/blog\/wp-content\/gallery\/els-sots-ferestecs-la-vergonya-de-lullar\/thumbs\/thumbs_dscn6839.jpg\"\n                    width=\"100\"\n                    height=\"75\"\n                    style=\"max-width:100%;\"\n                \/>\n            <\/a>\n        <\/div>\n\t\t\t\t\t\t\t<\/div> \n\t\t\t\n        \n\t\t\t\t<div id=\"ngg-image-6\" class=\"ngg-gallery-thumbnail-box\" >\n\t\t\t\t        <div class=\"ngg-gallery-thumbnail\">\n            <a href=\"http:\/\/manelmorral.cat\/blog\/wp-content\/gallery\/els-sots-ferestecs-la-vergonya-de-lullar\/dscn6846.jpg\"\n               title=\"\"\n               data-src=\"http:\/\/manelmorral.cat\/blog\/wp-content\/gallery\/els-sots-ferestecs-la-vergonya-de-lullar\/dscn6846.jpg\"\n               data-thumbnail=\"http:\/\/manelmorral.cat\/blog\/wp-content\/gallery\/els-sots-ferestecs-la-vergonya-de-lullar\/thumbs\/thumbs_dscn6846.jpg\"\n               data-image-id=\"489\"\n               data-title=\"dscn6846\"\n               data-description=\"\"\n               data-image-slug=\"dscn6846\"\n               class=\"shutterset_fc96d1ef0e9164fd58e46c86da7106f4\">\n                <img\n                    title=\"dscn6846\"\n                    alt=\"dscn6846\"\n                    src=\"http:\/\/manelmorral.cat\/blog\/wp-content\/gallery\/els-sots-ferestecs-la-vergonya-de-lullar\/thumbs\/thumbs_dscn6846.jpg\"\n                    width=\"100\"\n                    height=\"75\"\n                    style=\"max-width:100%;\"\n                \/>\n            <\/a>\n        <\/div>\n\t\t\t\t\t\t\t<\/div> \n\t\t\t\n        \n\t\t\t\t<div id=\"ngg-image-7\" class=\"ngg-gallery-thumbnail-box\" >\n\t\t\t\t        <div class=\"ngg-gallery-thumbnail\">\n            <a href=\"http:\/\/manelmorral.cat\/blog\/wp-content\/gallery\/els-sots-ferestecs-la-vergonya-de-lullar\/dscn6847.jpg\"\n               title=\"\"\n               data-src=\"http:\/\/manelmorral.cat\/blog\/wp-content\/gallery\/els-sots-ferestecs-la-vergonya-de-lullar\/dscn6847.jpg\"\n               data-thumbnail=\"http:\/\/manelmorral.cat\/blog\/wp-content\/gallery\/els-sots-ferestecs-la-vergonya-de-lullar\/thumbs\/thumbs_dscn6847.jpg\"\n               data-image-id=\"490\"\n               data-title=\"dscn6847\"\n               data-description=\"\"\n               data-image-slug=\"dscn6847\"\n               class=\"shutterset_fc96d1ef0e9164fd58e46c86da7106f4\">\n                <img\n                    title=\"dscn6847\"\n                    alt=\"dscn6847\"\n                    src=\"http:\/\/manelmorral.cat\/blog\/wp-content\/gallery\/els-sots-ferestecs-la-vergonya-de-lullar\/thumbs\/thumbs_dscn6847.jpg\"\n                    width=\"100\"\n                    height=\"75\"\n                    style=\"max-width:100%;\"\n                \/>\n            <\/a>\n        <\/div>\n\t\t\t\t\t\t\t<\/div> \n\t\t\t\n        \n\t\t\t\t<div id=\"ngg-image-8\" class=\"ngg-gallery-thumbnail-box\" >\n\t\t\t\t        <div class=\"ngg-gallery-thumbnail\">\n            <a href=\"http:\/\/manelmorral.cat\/blog\/wp-content\/gallery\/els-sots-ferestecs-la-vergonya-de-lullar\/dscn6848.jpg\"\n               title=\"\"\n               data-src=\"http:\/\/manelmorral.cat\/blog\/wp-content\/gallery\/els-sots-ferestecs-la-vergonya-de-lullar\/dscn6848.jpg\"\n               data-thumbnail=\"http:\/\/manelmorral.cat\/blog\/wp-content\/gallery\/els-sots-ferestecs-la-vergonya-de-lullar\/thumbs\/thumbs_dscn6848.jpg\"\n               data-image-id=\"491\"\n               data-title=\"dscn6848\"\n               data-description=\"\"\n               data-image-slug=\"dscn6848\"\n               class=\"shutterset_fc96d1ef0e9164fd58e46c86da7106f4\">\n                <img\n                    title=\"dscn6848\"\n                    alt=\"dscn6848\"\n                    src=\"http:\/\/manelmorral.cat\/blog\/wp-content\/gallery\/els-sots-ferestecs-la-vergonya-de-lullar\/thumbs\/thumbs_dscn6848.jpg\"\n                    width=\"100\"\n                    height=\"75\"\n                    style=\"max-width:100%;\"\n                \/>\n            <\/a>\n        <\/div>\n\t\t\t\t\t\t\t<\/div> \n\t\t\t\n        \n\t\t\t\t<div id=\"ngg-image-9\" class=\"ngg-gallery-thumbnail-box\" >\n\t\t\t\t        <div class=\"ngg-gallery-thumbnail\">\n            <a href=\"http:\/\/manelmorral.cat\/blog\/wp-content\/gallery\/els-sots-ferestecs-la-vergonya-de-lullar\/dscn6849.jpg\"\n               title=\"\"\n               data-src=\"http:\/\/manelmorral.cat\/blog\/wp-content\/gallery\/els-sots-ferestecs-la-vergonya-de-lullar\/dscn6849.jpg\"\n               data-thumbnail=\"http:\/\/manelmorral.cat\/blog\/wp-content\/gallery\/els-sots-ferestecs-la-vergonya-de-lullar\/thumbs\/thumbs_dscn6849.jpg\"\n               data-image-id=\"492\"\n               data-title=\"dscn6849\"\n               data-description=\"\"\n               data-image-slug=\"dscn6849\"\n               class=\"shutterset_fc96d1ef0e9164fd58e46c86da7106f4\">\n                <img\n                    title=\"dscn6849\"\n                    alt=\"dscn6849\"\n                    src=\"http:\/\/manelmorral.cat\/blog\/wp-content\/gallery\/els-sots-ferestecs-la-vergonya-de-lullar\/thumbs\/thumbs_dscn6849.jpg\"\n                    width=\"100\"\n                    height=\"75\"\n                    style=\"max-width:100%;\"\n                \/>\n            <\/a>\n        <\/div>\n\t\t\t\t\t\t\t<\/div> \n\t\t\t\n        \n\t\t\t\t<div id=\"ngg-image-10\" class=\"ngg-gallery-thumbnail-box\" >\n\t\t\t\t        <div class=\"ngg-gallery-thumbnail\">\n            <a href=\"http:\/\/manelmorral.cat\/blog\/wp-content\/gallery\/els-sots-ferestecs-la-vergonya-de-lullar\/dscn6851.jpg\"\n               title=\"\"\n               data-src=\"http:\/\/manelmorral.cat\/blog\/wp-content\/gallery\/els-sots-ferestecs-la-vergonya-de-lullar\/dscn6851.jpg\"\n               data-thumbnail=\"http:\/\/manelmorral.cat\/blog\/wp-content\/gallery\/els-sots-ferestecs-la-vergonya-de-lullar\/thumbs\/thumbs_dscn6851.jpg\"\n               data-image-id=\"493\"\n               data-title=\"dscn6851\"\n               data-description=\"\"\n               data-image-slug=\"dscn6851\"\n               class=\"shutterset_fc96d1ef0e9164fd58e46c86da7106f4\">\n                <img\n                    title=\"dscn6851\"\n                    alt=\"dscn6851\"\n                    src=\"http:\/\/manelmorral.cat\/blog\/wp-content\/gallery\/els-sots-ferestecs-la-vergonya-de-lullar\/thumbs\/thumbs_dscn6851.jpg\"\n                    width=\"100\"\n                    height=\"75\"\n                    style=\"max-width:100%;\"\n                \/>\n            <\/a>\n        <\/div>\n\t\t\t\t\t\t\t<\/div> \n\t\t\t\n        \n\t\t\t\t<div id=\"ngg-image-11\" class=\"ngg-gallery-thumbnail-box\" >\n\t\t\t\t        <div class=\"ngg-gallery-thumbnail\">\n            <a href=\"http:\/\/manelmorral.cat\/blog\/wp-content\/gallery\/els-sots-ferestecs-la-vergonya-de-lullar\/dscn6852.jpg\"\n               title=\"\"\n               data-src=\"http:\/\/manelmorral.cat\/blog\/wp-content\/gallery\/els-sots-ferestecs-la-vergonya-de-lullar\/dscn6852.jpg\"\n               data-thumbnail=\"http:\/\/manelmorral.cat\/blog\/wp-content\/gallery\/els-sots-ferestecs-la-vergonya-de-lullar\/thumbs\/thumbs_dscn6852.jpg\"\n               data-image-id=\"494\"\n               data-title=\"dscn6852\"\n               data-description=\"\"\n               data-image-slug=\"dscn6852\"\n               class=\"shutterset_fc96d1ef0e9164fd58e46c86da7106f4\">\n                <img\n                    title=\"dscn6852\"\n                    alt=\"dscn6852\"\n                    src=\"http:\/\/manelmorral.cat\/blog\/wp-content\/gallery\/els-sots-ferestecs-la-vergonya-de-lullar\/thumbs\/thumbs_dscn6852.jpg\"\n                    width=\"100\"\n                    height=\"75\"\n                    style=\"max-width:100%;\"\n                \/>\n            <\/a>\n        <\/div>\n\t\t\t\t\t\t\t<\/div> \n\t\t\t\n        \n\t\t\t\t<div id=\"ngg-image-12\" class=\"ngg-gallery-thumbnail-box\" >\n\t\t\t\t        <div class=\"ngg-gallery-thumbnail\">\n            <a href=\"http:\/\/manelmorral.cat\/blog\/wp-content\/gallery\/els-sots-ferestecs-la-vergonya-de-lullar\/dscn6905.jpg\"\n               title=\"\"\n               data-src=\"http:\/\/manelmorral.cat\/blog\/wp-content\/gallery\/els-sots-ferestecs-la-vergonya-de-lullar\/dscn6905.jpg\"\n               data-thumbnail=\"http:\/\/manelmorral.cat\/blog\/wp-content\/gallery\/els-sots-ferestecs-la-vergonya-de-lullar\/thumbs\/thumbs_dscn6905.jpg\"\n               data-image-id=\"495\"\n               data-title=\"dscn6905\"\n               data-description=\"\"\n               data-image-slug=\"dscn6905\"\n               class=\"shutterset_fc96d1ef0e9164fd58e46c86da7106f4\">\n                <img\n                    title=\"dscn6905\"\n                    alt=\"dscn6905\"\n                    src=\"http:\/\/manelmorral.cat\/blog\/wp-content\/gallery\/els-sots-ferestecs-la-vergonya-de-lullar\/thumbs\/thumbs_dscn6905.jpg\"\n                    width=\"100\"\n                    height=\"75\"\n                    style=\"max-width:100%;\"\n                \/>\n            <\/a>\n        <\/div>\n\t\t\t\t\t\t\t<\/div> \n\t\t\t\n        \n\t\t\t\t<div id=\"ngg-image-13\" class=\"ngg-gallery-thumbnail-box\" >\n\t\t\t\t        <div class=\"ngg-gallery-thumbnail\">\n            <a href=\"http:\/\/manelmorral.cat\/blog\/wp-content\/gallery\/els-sots-ferestecs-la-vergonya-de-lullar\/dscn6906.jpg\"\n               title=\"\"\n               data-src=\"http:\/\/manelmorral.cat\/blog\/wp-content\/gallery\/els-sots-ferestecs-la-vergonya-de-lullar\/dscn6906.jpg\"\n               data-thumbnail=\"http:\/\/manelmorral.cat\/blog\/wp-content\/gallery\/els-sots-ferestecs-la-vergonya-de-lullar\/thumbs\/thumbs_dscn6906.jpg\"\n               data-image-id=\"496\"\n               data-title=\"dscn6906\"\n               data-description=\"\"\n               data-image-slug=\"dscn6906\"\n               class=\"shutterset_fc96d1ef0e9164fd58e46c86da7106f4\">\n                <img\n                    title=\"dscn6906\"\n                    alt=\"dscn6906\"\n                    src=\"http:\/\/manelmorral.cat\/blog\/wp-content\/gallery\/els-sots-ferestecs-la-vergonya-de-lullar\/thumbs\/thumbs_dscn6906.jpg\"\n                    width=\"100\"\n                    height=\"75\"\n                    style=\"max-width:100%;\"\n                \/>\n            <\/a>\n        <\/div>\n\t\t\t\t\t\t\t<\/div> \n\t\t\t\n        \n\t\t\t\t<div id=\"ngg-image-14\" class=\"ngg-gallery-thumbnail-box\" >\n\t\t\t\t        <div class=\"ngg-gallery-thumbnail\">\n            <a href=\"http:\/\/manelmorral.cat\/blog\/wp-content\/gallery\/els-sots-ferestecs-la-vergonya-de-lullar\/lullar-foto-aeria-internet.jpg\"\n               title=\"\"\n               data-src=\"http:\/\/manelmorral.cat\/blog\/wp-content\/gallery\/els-sots-ferestecs-la-vergonya-de-lullar\/lullar-foto-aeria-internet.jpg\"\n               data-thumbnail=\"http:\/\/manelmorral.cat\/blog\/wp-content\/gallery\/els-sots-ferestecs-la-vergonya-de-lullar\/thumbs\/thumbs_lullar-foto-aeria-internet.jpg\"\n               data-image-id=\"497\"\n               data-title=\"lullar-foto-aeria-internet\"\n               data-description=\"\"\n               data-image-slug=\"lullar-foto-aeria-internet\"\n               class=\"shutterset_fc96d1ef0e9164fd58e46c86da7106f4\">\n                <img\n                    title=\"lullar-foto-aeria-internet\"\n                    alt=\"lullar-foto-aeria-internet\"\n                    src=\"http:\/\/manelmorral.cat\/blog\/wp-content\/gallery\/els-sots-ferestecs-la-vergonya-de-lullar\/thumbs\/thumbs_lullar-foto-aeria-internet.jpg\"\n                    width=\"100\"\n                    height=\"75\"\n                    style=\"max-width:100%;\"\n                \/>\n            <\/a>\n        <\/div>\n\t\t\t\t\t\t\t<\/div> \n\t\t\t\n        \n\t\t\n\t\t<!-- Pagination -->\n\t<div class='ngg-clear'><\/div>\t<\/div>\n\n<p>..<\/p>\n<p>He trobat aquesta informaci\u00f3 de fa m\u00e9s de quatre anys!!!<br \/>\n<strong>Diu que l\u2019Ajuntament actuar\u00e0, per\u00f2 no diu quan!<\/strong><\/p>\n<h3><strong><span style=\"color: #ff0000; text-decoration: underline;\">15\/12\/2006<\/span><span style=\"text-decoration: underline;\"> &#8211; L&#8217;Ajuntament actuar\u00e0 per endre\u00e7ar l&#8217;Ullar<\/span><\/strong><\/h3>\n<p><span style=\"color: #0000ff;\"><em>&#8220;&#8230;L&#8217;Ajuntament de Figar\u00f3-Montmany s&#8217;ha comprom\u00e8s, en la reuni\u00f3 celebrada amb els ve\u00efns el passat 13 de desembre, a actuar per solucionar la problem\u00e0tica de la Masia de l&#8217;Ullar.<\/em><\/span><br \/>\n<span style=\"color: #0000ff;\"><em>L&#8217;actuaci\u00f3 es dur\u00e0 a terme tant per la via judicial com a trav\u00e9s de l&#8217;Ordenan\u00e7a d&#8217;Ordenaci\u00f3 i Gesti\u00f3 dels Espais Naturals de Figar\u00f3-Montmany aprovada per l&#8217;Ajuntament. L&#8217;Ajuntamnt ja ha elaborat un estudi d&#8217;impacte paisatg\u00edstic en el qual es proposen una s\u00e8rie de mesures correctores que s&#8217;exigiran al propietari de la finca.&#8221;<\/em><\/span><\/p>\n","protected":false},"excerpt":{"rendered":"<p>El que tenia de ser una caminada tranquil\u00b7la i relaxant s\u2019ha convertit en una emprenyada davant l\u2019espectacle de degradaci\u00f3 del medi ambient i atac a la natura que hem trobat tot just comen\u00e7ar. Es tracta de la masia de l\u2019Ullar i el seu entorn. Text tret d\u2019internet: L&#8217;ULLAR \u00c9s un casal habitat documentat ja a [&hellip;]<\/p>\n","protected":false},"author":2,"featured_media":0,"comment_status":"open","ping_status":"closed","sticky":false,"template":"","format":"standard","meta":{"ngg_post_thumbnail":0,"jetpack_post_was_ever_published":false,"_jetpack_newsletter_access":"","_jetpack_newsletter_tier_id":0,"jetpack_publicize_message":"","jetpack_is_tweetstorm":false,"jetpack_publicize_feature_enabled":true,"jetpack_social_post_already_shared":false,"jetpack_social_options":{"image_generator_settings":{"template":"highway","enabled":false}}},"categories":[15],"tags":[],"jetpack_publicize_connections":[],"jetpack_featured_media_url":"","jetpack_sharing_enabled":true,"jetpack_shortlink":"https:\/\/wp.me\/p8PLxk-wK","jetpack-related-posts":[{"id":7355,"url":"http:\/\/manelmorral.cat\/blog\/?p=7355","url_meta":{"origin":2030,"position":0},"title":"LA CUP, ANTICAPITALISTES ANTISISTEMA I ANTI-TOT, TRET DE LES SEVES COSES","author":"manel","date":"04\/01\/2016","format":false,"excerpt":"Tot i que ja se sabia i \u00e9s veia venir, avui \u00e9s un dia de dol per a Catalunya i els catalans: la CUP ha tra\u00eft i enterrat les il\u00b7lusions de mil\u00b7lions de catalans. Deia un bon amic \u201cson uns tril\u00b7lers i uns chavistes\u201d... amic Pius, quedes curt: tamb\u00e9 son\u2026","rel":"","context":"A &quot;Al cap i a la fi, si s\u00f3n com s\u00f3n, \u00e9s m\u00e9s divertit riure'ns-en que lamentar-ho&quot;","block_context":{"text":"Al cap i a la fi, si s\u00f3n com s\u00f3n, \u00e9s m\u00e9s divertit riure'ns-en que lamentar-ho","link":"http:\/\/manelmorral.cat\/blog\/?cat=12"},"img":{"alt_text":"","src":"https:\/\/i0.wp.com\/manelmorral.cat\/blog\/wp-content\/uploads\/2016\/01\/QUOTA-DINGRES-DE-LA-CUP-001-300x294.jpg?resize=350%2C200","width":350,"height":200},"classes":[]},{"id":7282,"url":"http:\/\/manelmorral.cat\/blog\/?p=7282","url_meta":{"origin":2030,"position":1},"title":"ELS REIS S\u00d3N COM ELS IPHONE\u2019s&#8230;","author":"manel","date":"26\/12\/2015","format":false,"excerpt":"Doncs s\u00ed... \u201cELS REIS S\u00d3N COM ELS IPHONE\u2019s... CADA NOVA VERSI\u00d3 SURT M\u00c9S CARA QUE L\u2019ANTERIOR I, A SOBRE, FUNCIONEN PITJOR\u201d. El rei dels espanyols, en Felip VI, ha pres partit en contra de la majoria catalana.\u00a0El seu discurs de Nadal \u201ca todos los espanyoles\u201d va ser un constant atac\u2026","rel":"","context":"A &quot;Al cap i a la fi, si s\u00f3n com s\u00f3n, \u00e9s m\u00e9s divertit riure'ns-en que lamentar-ho&quot;","block_context":{"text":"Al cap i a la fi, si s\u00f3n com s\u00f3n, \u00e9s m\u00e9s divertit riure'ns-en que lamentar-ho","link":"http:\/\/manelmorral.cat\/blog\/?cat=12"},"img":{"alt_text":"","src":"","width":0,"height":0},"classes":[]},{"id":9236,"url":"http:\/\/manelmorral.cat\/blog\/?p=9236","url_meta":{"origin":2030,"position":2},"title":"\u201cMILLORS\u201d QUE ALI BABA I ELS QUARANTA LLADRES o EL PADRINO","author":"manel","date":"20\/07\/2017","format":false,"excerpt":"- 65.000 milions d\u2019euros robats de la GUARDIOLA DE LES PENSIONS. - 60.600 milions d\u2019euros REGALATS als bancs amb l\u2019excusa del rescat. \u00a0A FONS PERDUT, NO ELS RETORNARAN. - 40.000 \u00a0milions d\u2019euros \u00e9s el malbaratament de l'AVE, que amb prou feines representa l'1% de la mobilitat de passatgers. I MENTRESTANT\u2026","rel":"","context":"A &quot;Al cap i a la fi, si s\u00f3n com s\u00f3n, \u00e9s m\u00e9s divertit riure'ns-en que lamentar-ho&quot;","block_context":{"text":"Al cap i a la fi, si s\u00f3n com s\u00f3n, \u00e9s m\u00e9s divertit riure'ns-en que lamentar-ho","link":"http:\/\/manelmorral.cat\/blog\/?cat=12"},"img":{"alt_text":"","src":"https:\/\/i0.wp.com\/manelmorral.cat\/blog\/wp-content\/uploads\/2016\/10\/C\u00c3\u009aPULA-CORRUPTA-260x300.jpg?resize=350%2C200","width":350,"height":200},"classes":[]},{"id":8152,"url":"http:\/\/manelmorral.cat\/blog\/?p=8152","url_meta":{"origin":2030,"position":3},"title":"CORNUTS I PAGAR EL BEURE&#8230;","author":"manel","date":"07\/11\/2016","format":false,"excerpt":"La Cambra de Comer\u00e7 de Barcelona ha fet p\u00fablic un informe, basat en \u00a0dades del Ministeri d'Econom\u00eda, qu\u00e8 constata el maltractament econ\u00f2mic que rep Catalunya tot i ser un dels principals aportants a les arques de l'estat. ---------------------------------------- El 2015 va ser el pitjor any en inversi\u00f3 de l\u2019Estat a\u00a0Catalunya\u2026","rel":"","context":"A &quot;Al cap i a la fi, si s\u00f3n com s\u00f3n, \u00e9s m\u00e9s divertit riure'ns-en que lamentar-ho&quot;","block_context":{"text":"Al cap i a la fi, si s\u00f3n com s\u00f3n, \u00e9s m\u00e9s divertit riure'ns-en que lamentar-ho","link":"http:\/\/manelmorral.cat\/blog\/?cat=12"},"img":{"alt_text":"","src":"https:\/\/i0.wp.com\/manelmorral.cat\/blog\/wp-content\/uploads\/2016\/11\/gr\u00c3\u00a0fic-del-diari-ARA-del-4-11-2016-217x300.jpg?resize=350%2C200","width":350,"height":200},"classes":[]},{"id":9254,"url":"http:\/\/manelmorral.cat\/blog\/?p=9254","url_meta":{"origin":2030,"position":4},"title":"COM UN CORC QUE VA ROSSEGANT PER DINS\u2026","author":"manel","date":"28\/07\/2017","format":false,"excerpt":"\u2026 aix\u00ed \u00e9s l\u2019ICETA Algunes de les perles perpetrades per aquest individu els darrers dies s\u00f3n: Miquel Iceta amena\u00e7a als seus propis alcaldes si participen a l'1-O. El primer secretari del PSC alerta que els alcaldes socialistes podrien ser inhabilitats si participen en el refer\u00e9ndum. Iceta, ha desvelat els seus\u2026","rel":"","context":"A &quot;Al cap i a la fi, si s\u00f3n com s\u00f3n, \u00e9s m\u00e9s divertit riure'ns-en que lamentar-ho&quot;","block_context":{"text":"Al cap i a la fi, si s\u00f3n com s\u00f3n, \u00e9s m\u00e9s divertit riure'ns-en que lamentar-ho","link":"http:\/\/manelmorral.cat\/blog\/?cat=12"},"img":{"alt_text":"","src":"https:\/\/i0.wp.com\/manelmorral.cat\/blog\/wp-content\/uploads\/2017\/07\/Miquel-I.-1024x666.jpg?resize=350%2C200","width":350,"height":200,"srcset":"https:\/\/i0.wp.com\/manelmorral.cat\/blog\/wp-content\/uploads\/2017\/07\/Miquel-I.-1024x666.jpg?resize=350%2C200 1x, https:\/\/i0.wp.com\/manelmorral.cat\/blog\/wp-content\/uploads\/2017\/07\/Miquel-I.-1024x666.jpg?resize=525%2C300 1.5x, https:\/\/i0.wp.com\/manelmorral.cat\/blog\/wp-content\/uploads\/2017\/07\/Miquel-I.-1024x666.jpg?resize=700%2C400 2x"},"classes":[]},{"id":9322,"url":"http:\/\/manelmorral.cat\/blog\/?p=9322","url_meta":{"origin":2030,"position":5},"title":"AIX\u00d2 S\u00cd \u00c9S UNA PATADA A LA DEMOCR\u00c0CIA","author":"manel","date":"03\/09\/2017","format":false,"excerpt":"Em sap greu. Sento f\u00e0stic, pena i vergonya.\u00a0 Visc en una ciutat governada per botiflers, covards i venuts. Anti-dem\u00f2crates per sistema. Resulta que a expressar-se el poble en les urnes ho titllen de delicte. No tenen opini\u00f3 propia, s\u00f3n com zombis, obeeixen ordres dels seus amos que, a l\u2019ensems, segueixen\u2026","rel":"","context":"A &quot;Al cap i a la fi, si s\u00f3n com s\u00f3n, \u00e9s m\u00e9s divertit riure'ns-en que lamentar-ho&quot;","block_context":{"text":"Al cap i a la fi, si s\u00f3n com s\u00f3n, \u00e9s m\u00e9s divertit riure'ns-en que lamentar-ho","link":"http:\/\/manelmorral.cat\/blog\/?cat=12"},"img":{"alt_text":"","src":"https:\/\/i0.wp.com\/manelmorral.cat\/blog\/wp-content\/uploads\/2017\/09\/Esc\u00c3\u00a1ner_20170903-300x269.jpg?resize=350%2C200","width":350,"height":200},"classes":[]}],"_links":{"self":[{"href":"http:\/\/manelmorral.cat\/blog\/index.php?rest_route=\/wp\/v2\/posts\/2030"}],"collection":[{"href":"http:\/\/manelmorral.cat\/blog\/index.php?rest_route=\/wp\/v2\/posts"}],"about":[{"href":"http:\/\/manelmorral.cat\/blog\/index.php?rest_route=\/wp\/v2\/types\/post"}],"author":[{"embeddable":true,"href":"http:\/\/manelmorral.cat\/blog\/index.php?rest_route=\/wp\/v2\/users\/2"}],"replies":[{"embeddable":true,"href":"http:\/\/manelmorral.cat\/blog\/index.php?rest_route=%2Fwp%2Fv2%2Fcomments&post=2030"}],"version-history":[{"count":0,"href":"http:\/\/manelmorral.cat\/blog\/index.php?rest_route=\/wp\/v2\/posts\/2030\/revisions"}],"wp:attachment":[{"href":"http:\/\/manelmorral.cat\/blog\/index.php?rest_route=%2Fwp%2Fv2%2Fmedia&parent=2030"}],"wp:term":[{"taxonomy":"category","embeddable":true,"href":"http:\/\/manelmorral.cat\/blog\/index.php?rest_route=%2Fwp%2Fv2%2Fcategories&post=2030"},{"taxonomy":"post_tag","embeddable":true,"href":"http:\/\/manelmorral.cat\/blog\/index.php?rest_route=%2Fwp%2Fv2%2Ftags&post=2030"}],"curies":[{"name":"wp","href":"https:\/\/api.w.org\/{rel}","templated":true}]}}