{"id":3458,"date":"2012-02-12T21:49:26","date_gmt":"2012-02-12T21:49:26","guid":{"rendered":"http:\/\/manelmorral.cat\/blog\/?p=3458"},"modified":"2023-02-12T06:29:53","modified_gmt":"2023-02-12T06:29:53","slug":"el-torrent-de-la-cabana-glacat","status":"publish","type":"post","link":"http:\/\/manelmorral.cat\/blog\/?p=3458","title":{"rendered":"EL TORRENT DE LA CABANA, GLA\u00c7AT"},"content":{"rendered":"<p style=\"text-align: justify;\"><a href=\"https:\/\/i0.wp.com\/manelmorral.cat\/blog\/wp-content\/uploads\/2012\/02\/torrent_cabana_mapa.jpg\"><img data-attachment-id=\"3468\" data-permalink=\"http:\/\/manelmorral.cat\/blog\/?attachment_id=3468\" data-orig-file=\"https:\/\/i0.wp.com\/manelmorral.cat\/blog\/wp-content\/uploads\/2012\/02\/torrent_cabana_mapa.jpg?fit=700%2C970\" data-orig-size=\"700,970\" data-comments-opened=\"0\" data-image-meta=\"{&quot;aperture&quot;:&quot;0&quot;,&quot;credit&quot;:&quot;&quot;,&quot;camera&quot;:&quot;&quot;,&quot;caption&quot;:&quot;&quot;,&quot;created_timestamp&quot;:&quot;0&quot;,&quot;copyright&quot;:&quot;&quot;,&quot;focal_length&quot;:&quot;0&quot;,&quot;iso&quot;:&quot;0&quot;,&quot;shutter_speed&quot;:&quot;0&quot;,&quot;title&quot;:&quot;&quot;}\" data-image-title=\"torrent_cabana_mapa\" data-image-description=\"\" data-image-caption=\"\" data-medium-file=\"https:\/\/i0.wp.com\/manelmorral.cat\/blog\/wp-content\/uploads\/2012\/02\/torrent_cabana_mapa.jpg?fit=216%2C300\" data-large-file=\"https:\/\/i0.wp.com\/manelmorral.cat\/blog\/wp-content\/uploads\/2012\/02\/torrent_cabana_mapa.jpg?fit=700%2C970\" decoding=\"async\" loading=\"lazy\" class=\"alignleft size-medium wp-image-3468\" title=\"torrent_cabana_mapa\" src=\"https:\/\/i0.wp.com\/manelmorral.cat\/blog\/wp-content\/uploads\/2012\/02\/torrent_cabana_mapa.jpg?resize=216%2C300\" alt=\"\" width=\"216\" height=\"300\" srcset=\"https:\/\/i0.wp.com\/manelmorral.cat\/blog\/wp-content\/uploads\/2012\/02\/torrent_cabana_mapa.jpg?resize=216%2C300 216w, https:\/\/i0.wp.com\/manelmorral.cat\/blog\/wp-content\/uploads\/2012\/02\/torrent_cabana_mapa.jpg?w=700 700w\" sizes=\"(max-width: 216px) 100vw, 216px\" data-recalc-dims=\"1\" \/><\/a>Les imatges del TORRENT DE LA CABANA, a Campdev\u00e0nol -Ripoll\u00e9s-, que els diferents mitjans de comunicaci\u00f3 ens mostren dia a dia, m&#8217;han animat a anar-hi per gaudir d\u2019un espectacle de gel que es d\u00f3na molt poques vegades en la magnitud que ho ha fet enguany.<\/p>\n<p style=\"text-align: justify;\">A les 7 del mat\u00ed passava per Campdev\u00e0nol i la temperatura era de&nbsp; <span style=\"color: #0000ff;\"><strong>-18\u00ba<\/strong><\/span>.<\/p>\n<p style=\"text-align: justify;\">D\u00e9u-n\u2019hi-do !!!<\/p>\n<p style=\"text-align: justify;\">Aqu\u00ed hi ha un v\u00eddeo amb les fotograf\u00edes, no massas doncs treure\u2019s els guants per captar una imatge et deixava els dits gla\u00e7ats&#8230; i ni pensar en fer un dibuix!<\/p>\n<p>&nbsp;<\/p>\n<p><span class=\"embed-youtube\" style=\"text-align:center; display: block;\"><iframe loading=\"lazy\" class=\"youtube-player\" width=\"640\" height=\"360\" src=\"https:\/\/www.youtube.com\/embed\/z95hLEU-ivs?version=3&#038;rel=1&#038;showsearch=0&#038;showinfo=1&#038;iv_load_policy=1&#038;fs=1&#038;hl=ca&#038;autohide=2&#038;wmode=transparent\" allowfullscreen=\"true\" style=\"border:0;\" sandbox=\"allow-scripts allow-same-origin allow-popups allow-presentation\"><\/iframe><\/span><\/p>\n","protected":false},"excerpt":{"rendered":"<p>Les imatges del TORRENT DE LA CABANA, a Campdev\u00e0nol -Ripoll\u00e9s-, que els diferents mitjans de comunicaci\u00f3 ens mostren dia a dia, m&#8217;han animat a anar-hi per gaudir d\u2019un espectacle de gel que es d\u00f3na molt poques vegades en la magnitud que ho ha fet enguany. A les 7 del mat\u00ed passava per Campdev\u00e0nol i la [&hellip;]<\/p>\n","protected":false},"author":2,"featured_media":0,"comment_status":"open","ping_status":"closed","sticky":false,"template":"","format":"standard","meta":{"ngg_post_thumbnail":0,"jetpack_post_was_ever_published":false,"_jetpack_newsletter_access":"","_jetpack_newsletter_tier_id":0,"jetpack_publicize_message":"","jetpack_is_tweetstorm":false,"jetpack_publicize_feature_enabled":true,"jetpack_social_post_already_shared":false,"jetpack_social_options":{"image_generator_settings":{"template":"highway","enabled":false}}},"categories":[15],"tags":[],"jetpack_publicize_connections":[],"jetpack_featured_media_url":"","jetpack_sharing_enabled":true,"jetpack_shortlink":"https:\/\/wp.me\/p8PLxk-TM","jetpack-related-posts":[{"id":7355,"url":"http:\/\/manelmorral.cat\/blog\/?p=7355","url_meta":{"origin":3458,"position":0},"title":"LA CUP, ANTICAPITALISTES ANTISISTEMA I ANTI-TOT, TRET DE LES SEVES COSES","author":"manel","date":"04\/01\/2016","format":false,"excerpt":"Tot i que ja se sabia i \u00e9s veia venir, avui \u00e9s un dia de dol per a Catalunya i els catalans: la CUP ha tra\u00eft i enterrat les il\u00b7lusions de mil\u00b7lions de catalans. Deia un bon amic \u201cson uns tril\u00b7lers i uns chavistes\u201d... amic Pius, quedes curt: tamb\u00e9 son\u2026","rel":"","context":"A &quot;Al cap i a la fi, si s\u00f3n com s\u00f3n, \u00e9s m\u00e9s divertit riure'ns-en que lamentar-ho&quot;","block_context":{"text":"Al cap i a la fi, si s\u00f3n com s\u00f3n, \u00e9s m\u00e9s divertit riure'ns-en que lamentar-ho","link":"http:\/\/manelmorral.cat\/blog\/?cat=12"},"img":{"alt_text":"","src":"https:\/\/i0.wp.com\/manelmorral.cat\/blog\/wp-content\/uploads\/2016\/01\/QUOTA-DINGRES-DE-LA-CUP-001-300x294.jpg?resize=350%2C200","width":350,"height":200},"classes":[]},{"id":7282,"url":"http:\/\/manelmorral.cat\/blog\/?p=7282","url_meta":{"origin":3458,"position":1},"title":"ELS REIS S\u00d3N COM ELS IPHONE\u2019s&#8230;","author":"manel","date":"26\/12\/2015","format":false,"excerpt":"Doncs s\u00ed... \u201cELS REIS S\u00d3N COM ELS IPHONE\u2019s... CADA NOVA VERSI\u00d3 SURT M\u00c9S CARA QUE L\u2019ANTERIOR I, A SOBRE, FUNCIONEN PITJOR\u201d. El rei dels espanyols, en Felip VI, ha pres partit en contra de la majoria catalana.\u00a0El seu discurs de Nadal \u201ca todos los espanyoles\u201d va ser un constant atac\u2026","rel":"","context":"A &quot;Al cap i a la fi, si s\u00f3n com s\u00f3n, \u00e9s m\u00e9s divertit riure'ns-en que lamentar-ho&quot;","block_context":{"text":"Al cap i a la fi, si s\u00f3n com s\u00f3n, \u00e9s m\u00e9s divertit riure'ns-en que lamentar-ho","link":"http:\/\/manelmorral.cat\/blog\/?cat=12"},"img":{"alt_text":"","src":"","width":0,"height":0},"classes":[]},{"id":9254,"url":"http:\/\/manelmorral.cat\/blog\/?p=9254","url_meta":{"origin":3458,"position":2},"title":"COM UN CORC QUE VA ROSSEGANT PER DINS\u2026","author":"manel","date":"28\/07\/2017","format":false,"excerpt":"\u2026 aix\u00ed \u00e9s l\u2019ICETA Algunes de les perles perpetrades per aquest individu els darrers dies s\u00f3n: Miquel Iceta amena\u00e7a als seus propis alcaldes si participen a l'1-O. El primer secretari del PSC alerta que els alcaldes socialistes podrien ser inhabilitats si participen en el refer\u00e9ndum. Iceta, ha desvelat els seus\u2026","rel":"","context":"A &quot;Al cap i a la fi, si s\u00f3n com s\u00f3n, \u00e9s m\u00e9s divertit riure'ns-en que lamentar-ho&quot;","block_context":{"text":"Al cap i a la fi, si s\u00f3n com s\u00f3n, \u00e9s m\u00e9s divertit riure'ns-en que lamentar-ho","link":"http:\/\/manelmorral.cat\/blog\/?cat=12"},"img":{"alt_text":"","src":"https:\/\/i0.wp.com\/manelmorral.cat\/blog\/wp-content\/uploads\/2017\/07\/Miquel-I.-1024x666.jpg?resize=350%2C200","width":350,"height":200,"srcset":"https:\/\/i0.wp.com\/manelmorral.cat\/blog\/wp-content\/uploads\/2017\/07\/Miquel-I.-1024x666.jpg?resize=350%2C200 1x, https:\/\/i0.wp.com\/manelmorral.cat\/blog\/wp-content\/uploads\/2017\/07\/Miquel-I.-1024x666.jpg?resize=525%2C300 1.5x, https:\/\/i0.wp.com\/manelmorral.cat\/blog\/wp-content\/uploads\/2017\/07\/Miquel-I.-1024x666.jpg?resize=700%2C400 2x"},"classes":[]},{"id":5207,"url":"http:\/\/manelmorral.cat\/blog\/?p=5207","url_meta":{"origin":3458,"position":3},"title":"ARA \u00c9S L\u2019HORA SEGADORS&#8230;","author":"manel","date":"13\/12\/2013","format":false,"excerpt":"AIX\u00d2 ELS FA POR, MOLTA POR: \u00a0 Per a ells les urnes son com els alls o la llum del sol per als vampirs... de fet son vampirs xucladors. ARA \u00c9S L'HORA. Ja s\u2019ha posat\u00a0fil a l\u2019agulla. Ara tots junts hem de guanyar la independ\u00e8ncia. Ha arribat l\u2019hora de caminar\u2026","rel":"","context":"A &quot;Tics, tocs i tacs del dia a dia&quot;","block_context":{"text":"Tics, tocs i tacs del dia a dia","link":"http:\/\/manelmorral.cat\/blog\/?cat=1"},"img":{"alt_text":"","src":"https:\/\/i0.wp.com\/manelmorral.cat\/blog\/wp-content\/uploads\/2013\/12\/URNA-M\u00c3\u0089S-VOT1-245x300.jpg?resize=350%2C200","width":350,"height":200},"classes":[]},{"id":5962,"url":"http:\/\/manelmorral.cat\/blog\/?p=5962","url_meta":{"origin":3458,"position":4},"title":"FESTIVAL DE XORI\u00c7OS","author":"manel","date":"01\/11\/2014","format":false,"excerpt":"\u00a0 Una frase de Gandhi: \"Primer t'ignoren, despr\u00e9s se'n riuen, despr\u00e9s t'ataquen i, finalment, guanyes\" ------------------------------------------------------------------------------------------------------------------------------------- Hi ha tants i tants malfactors dintre de les files dels peperos que aplegar-los d\u2019un en un estava resultant una feina del mai acabar. Ara ja els atrapen a grapats, de cinquanta en cinquanta.\u2026","rel":"","context":"A &quot;Al cap i a la fi, si s\u00f3n com s\u00f3n, \u00e9s m\u00e9s divertit riure'ns-en que lamentar-ho&quot;","block_context":{"text":"Al cap i a la fi, si s\u00f3n com s\u00f3n, \u00e9s m\u00e9s divertit riure'ns-en que lamentar-ho","link":"http:\/\/manelmorral.cat\/blog\/?cat=12"},"img":{"alt_text":"tots a la pres\u00c3\u00b3","src":"https:\/\/i0.wp.com\/manelmorral.cat\/blog\/wp-content\/uploads\/2013\/12\/tots-a-la-pres\u00c3\u00b3-1024x723.jpg?resize=350%2C200","width":350,"height":200,"srcset":"https:\/\/i0.wp.com\/manelmorral.cat\/blog\/wp-content\/uploads\/2013\/12\/tots-a-la-pres\u00c3\u00b3-1024x723.jpg?resize=350%2C200 1x, https:\/\/i0.wp.com\/manelmorral.cat\/blog\/wp-content\/uploads\/2013\/12\/tots-a-la-pres\u00c3\u00b3-1024x723.jpg?resize=525%2C300 1.5x, https:\/\/i0.wp.com\/manelmorral.cat\/blog\/wp-content\/uploads\/2013\/12\/tots-a-la-pres\u00c3\u00b3-1024x723.jpg?resize=700%2C400 2x"},"classes":[]},{"id":3130,"url":"http:\/\/manelmorral.cat\/blog\/?p=3130","url_meta":{"origin":3458,"position":5},"title":"EL BORB\u00d3 TORNA A PIXAR FORA DE TEST (com \u00e9s norma en ell)","author":"manel","date":"26\/12\/2011","format":false,"excerpt":". Per la burla que suposa per a tots els espanyols i catalans, millor seria ignorar-lo a ell i les declaracions que va fer en el discurs de Nadal de 2011. Per\u00f2 val la pena ressaltar alguns par\u00e0grafs doncs les ha dites de l'al\u00e7ada d'un campanar: Va dir: \"quan hi\u2026","rel":"","context":"A &quot;Al cap i a la fi, si s\u00f3n com s\u00f3n, \u00e9s m\u00e9s divertit riure'ns-en que lamentar-ho&quot;","block_context":{"text":"Al cap i a la fi, si s\u00f3n com s\u00f3n, \u00e9s m\u00e9s divertit riure'ns-en que lamentar-ho","link":"http:\/\/manelmorral.cat\/blog\/?cat=12"},"img":{"alt_text":"","src":"https:\/\/i0.wp.com\/manelmorral.cat\/blog\/wp-content\/uploads\/2011\/12\/rey_mendigo-300x210.jpg?resize=350%2C200","width":350,"height":200},"classes":[]}],"_links":{"self":[{"href":"http:\/\/manelmorral.cat\/blog\/index.php?rest_route=\/wp\/v2\/posts\/3458"}],"collection":[{"href":"http:\/\/manelmorral.cat\/blog\/index.php?rest_route=\/wp\/v2\/posts"}],"about":[{"href":"http:\/\/manelmorral.cat\/blog\/index.php?rest_route=\/wp\/v2\/types\/post"}],"author":[{"embeddable":true,"href":"http:\/\/manelmorral.cat\/blog\/index.php?rest_route=\/wp\/v2\/users\/2"}],"replies":[{"embeddable":true,"href":"http:\/\/manelmorral.cat\/blog\/index.php?rest_route=%2Fwp%2Fv2%2Fcomments&post=3458"}],"version-history":[{"count":0,"href":"http:\/\/manelmorral.cat\/blog\/index.php?rest_route=\/wp\/v2\/posts\/3458\/revisions"}],"wp:attachment":[{"href":"http:\/\/manelmorral.cat\/blog\/index.php?rest_route=%2Fwp%2Fv2%2Fmedia&parent=3458"}],"wp:term":[{"taxonomy":"category","embeddable":true,"href":"http:\/\/manelmorral.cat\/blog\/index.php?rest_route=%2Fwp%2Fv2%2Fcategories&post=3458"},{"taxonomy":"post_tag","embeddable":true,"href":"http:\/\/manelmorral.cat\/blog\/index.php?rest_route=%2Fwp%2Fv2%2Ftags&post=3458"}],"curies":[{"name":"wp","href":"https:\/\/api.w.org\/{rel}","templated":true}]}}