{"id":6136,"date":"2014-11-27T15:31:37","date_gmt":"2014-11-27T15:31:37","guid":{"rendered":"http:\/\/manelmorral.cat\/blog\/?p=6136"},"modified":"2017-11-27T08:27:19","modified_gmt":"2017-11-27T08:27:19","slug":"sant-salvador-de-les-espases-27-novembre-2014","status":"publish","type":"post","link":"http:\/\/manelmorral.cat\/blog\/?p=6136","title":{"rendered":"SANT SALVADOR DE LES ESPASES    27 NOVEMBRE 2014"},"content":{"rendered":"<h3 style=\"text-align: justify;\"><span style=\"color: #000000;\">Tot acumulant joventuts, avui he anat a celebrar-ho fent una passejada pujant&nbsp;a un cim petit, molt petit, del nostre petit, estimat i maltractat pa\u00eds.<\/span><\/h3>\n<h3 style=\"text-align: justify;\"><span style=\"color: #000000;\">He fet cap a Olesa de Montserrat i, despr\u00e9s d&#8217;aparcar al Balneari de la Puda, m&#8217;he enfilat a poc a poquet fins arribar a SANT SALVADOR DE LES ESPASES.<\/span><\/h3>\n<h3 style=\"text-align: justify;\"><span style=\"color: #000000;\">El dia estava r\u00fafol, molt r\u00fafol;&nbsp;els n\u00favols anaven molt r\u00e0pids i, a part de&nbsp;pocs minuts de clarianes, el mat\u00ed ha estat tapat; fins el punt que la tornada al cotxe l&#8217;he feta acompanyat per la pluja.<\/span><\/h3>\n<h3 style=\"text-align: justify;\"><span style=\"color: #000000;\">Tot i la solitud que m&#8217;ha acompanyat tot el cam\u00ed, a la arribada a SANT SALVADOR m&#8217;he trobat amb l&#8217;agradable companyia d&#8217;un&nbsp;grup&nbsp;de&nbsp;&#8220;joves&#8221;; cada un &nbsp;de ells m\u00e9s o menys amb les mateixes &#8220;joventuts&#8221; que jo acumulo&#8230; o potser&nbsp;m\u00e9s. He estat esmorzant en la seva companyia. S\u00f3n alguns dels que pugen a aquell indret setmanalment fent-ne el manteniment, tant de las instal\u00b7lacions com dels accessos.<\/span><\/h3>\n<h3 style=\"text-align: justify;\"><span style=\"color: #000000;\">La meva felicitaci\u00f3 i agra\u00efment a tots ells per aquest&nbsp;tasca tan generosa i altruista, que ens permet a la resta d&#8217;excursionistes &nbsp;fruir de espais com ara SANT SALVADOR DE LES ESPASES.<\/span><\/h3>\n<p style=\"text-align: center;\"><span style=\"color: #000000;\">Aqu\u00ed podeu veu-re unes quantes imatges.<\/span><\/p>\n<p>\n\n<div class=\"ngg-galleryoverview ngg-slideshow\"\n\t id=\"ngg-slideshow-6137-14514969590\"\n     data-gallery-id=\"6137\"\n     style=\"max-width: 640px; max-height: 480px;\">\n\n \t<div id=\"ngg-image-0\" class=\"ngg-gallery-slideshow-image\" style=\"height:480px\">\n\n        <a href=\"http:\/\/manelmorral.cat\/blog\/wp-content\/gallery\/sant-salvador-de-les-espases-271114\/2014-11-27-08.01.39.jpg\"\n           title=\"\"\n           data-src=\"http:\/\/manelmorral.cat\/blog\/wp-content\/gallery\/sant-salvador-de-les-espases-271114\/2014-11-27-08.01.39.jpg\"\n           data-thumbnail=\"http:\/\/manelmorral.cat\/blog\/wp-content\/gallery\/sant-salvador-de-les-espases-271114\/thumbs\/thumbs_2014-11-27-08.01.39.jpg\"\n           data-image-id=\"1635\"\n           data-title=\"SAMSUNG\"\n           data-description=\"\"\n           class=\"shutterset_6137\">\n\n            <img data-image-id='1635'\n                 title=\"\"\n                 alt=\"SAMSUNG\"\n                 src=\"http:\/\/manelmorral.cat\/blog\/wp-content\/gallery\/sant-salvador-de-les-espases-271114\/2014-11-27-08.01.39.jpg\"\n                 style=\"max-height: 460px;\"\/>\n        <\/a>\n\n        <\/div> \n<div id=\"ngg-image-1\" class=\"ngg-gallery-slideshow-image\" style=\"height:480px\">\n\n        <a href=\"http:\/\/manelmorral.cat\/blog\/wp-content\/gallery\/sant-salvador-de-les-espases-271114\/2014-11-27-08.03.05.jpg\"\n           title=\"\"\n           data-src=\"http:\/\/manelmorral.cat\/blog\/wp-content\/gallery\/sant-salvador-de-les-espases-271114\/2014-11-27-08.03.05.jpg\"\n           data-thumbnail=\"http:\/\/manelmorral.cat\/blog\/wp-content\/gallery\/sant-salvador-de-les-espases-271114\/thumbs\/thumbs_2014-11-27-08.03.05.jpg\"\n           data-image-id=\"1636\"\n           data-title=\"SAMSUNG\"\n           data-description=\"\"\n           class=\"shutterset_6137\">\n\n            <img data-image-id='1636'\n                 title=\"\"\n                 alt=\"SAMSUNG\"\n                 src=\"http:\/\/manelmorral.cat\/blog\/wp-content\/gallery\/sant-salvador-de-les-espases-271114\/2014-11-27-08.03.05.jpg\"\n                 style=\"max-height: 460px;\"\/>\n        <\/a>\n\n        <\/div> \n<div id=\"ngg-image-2\" class=\"ngg-gallery-slideshow-image\" style=\"height:480px\">\n\n        <a href=\"http:\/\/manelmorral.cat\/blog\/wp-content\/gallery\/sant-salvador-de-les-espases-271114\/2014-11-27-08.10.26.jpg\"\n           title=\"\"\n           data-src=\"http:\/\/manelmorral.cat\/blog\/wp-content\/gallery\/sant-salvador-de-les-espases-271114\/2014-11-27-08.10.26.jpg\"\n           data-thumbnail=\"http:\/\/manelmorral.cat\/blog\/wp-content\/gallery\/sant-salvador-de-les-espases-271114\/thumbs\/thumbs_2014-11-27-08.10.26.jpg\"\n           data-image-id=\"1637\"\n           data-title=\"SAMSUNG\"\n           data-description=\"\"\n           class=\"shutterset_6137\">\n\n            <img data-image-id='1637'\n                 title=\"\"\n                 alt=\"SAMSUNG\"\n                 src=\"http:\/\/manelmorral.cat\/blog\/wp-content\/gallery\/sant-salvador-de-les-espases-271114\/2014-11-27-08.10.26.jpg\"\n                 style=\"max-height: 460px;\"\/>\n        <\/a>\n\n        <\/div> \n<div id=\"ngg-image-3\" class=\"ngg-gallery-slideshow-image\" style=\"height:480px\">\n\n        <a href=\"http:\/\/manelmorral.cat\/blog\/wp-content\/gallery\/sant-salvador-de-les-espases-271114\/2014-11-27-08.22.41.jpg\"\n           title=\"\"\n           data-src=\"http:\/\/manelmorral.cat\/blog\/wp-content\/gallery\/sant-salvador-de-les-espases-271114\/2014-11-27-08.22.41.jpg\"\n           data-thumbnail=\"http:\/\/manelmorral.cat\/blog\/wp-content\/gallery\/sant-salvador-de-les-espases-271114\/thumbs\/thumbs_2014-11-27-08.22.41.jpg\"\n           data-image-id=\"1638\"\n           data-title=\"SAMSUNG\"\n           data-description=\"\"\n           class=\"shutterset_6137\">\n\n            <img data-image-id='1638'\n                 title=\"\"\n                 alt=\"SAMSUNG\"\n                 src=\"http:\/\/manelmorral.cat\/blog\/wp-content\/gallery\/sant-salvador-de-les-espases-271114\/2014-11-27-08.22.41.jpg\"\n                 style=\"max-height: 460px;\"\/>\n        <\/a>\n\n        <\/div> \n<div id=\"ngg-image-4\" class=\"ngg-gallery-slideshow-image\" style=\"height:480px\">\n\n        <a href=\"http:\/\/manelmorral.cat\/blog\/wp-content\/gallery\/sant-salvador-de-les-espases-271114\/2014-11-27-08.27.55.jpg\"\n           title=\"\"\n           data-src=\"http:\/\/manelmorral.cat\/blog\/wp-content\/gallery\/sant-salvador-de-les-espases-271114\/2014-11-27-08.27.55.jpg\"\n           data-thumbnail=\"http:\/\/manelmorral.cat\/blog\/wp-content\/gallery\/sant-salvador-de-les-espases-271114\/thumbs\/thumbs_2014-11-27-08.27.55.jpg\"\n           data-image-id=\"1639\"\n           data-title=\"SAMSUNG\"\n           data-description=\"\"\n           class=\"shutterset_6137\">\n\n            <img data-image-id='1639'\n                 title=\"\"\n                 alt=\"SAMSUNG\"\n                 src=\"http:\/\/manelmorral.cat\/blog\/wp-content\/gallery\/sant-salvador-de-les-espases-271114\/2014-11-27-08.27.55.jpg\"\n                 style=\"max-height: 460px;\"\/>\n        <\/a>\n\n        <\/div> \n<div id=\"ngg-image-5\" class=\"ngg-gallery-slideshow-image\" style=\"height:480px\">\n\n        <a href=\"http:\/\/manelmorral.cat\/blog\/wp-content\/gallery\/sant-salvador-de-les-espases-271114\/2014-11-27-08.30.22.jpg\"\n           title=\"\"\n           data-src=\"http:\/\/manelmorral.cat\/blog\/wp-content\/gallery\/sant-salvador-de-les-espases-271114\/2014-11-27-08.30.22.jpg\"\n           data-thumbnail=\"http:\/\/manelmorral.cat\/blog\/wp-content\/gallery\/sant-salvador-de-les-espases-271114\/thumbs\/thumbs_2014-11-27-08.30.22.jpg\"\n           data-image-id=\"1640\"\n           data-title=\"SAMSUNG\"\n           data-description=\"\"\n           class=\"shutterset_6137\">\n\n            <img data-image-id='1640'\n                 title=\"\"\n                 alt=\"SAMSUNG\"\n                 src=\"http:\/\/manelmorral.cat\/blog\/wp-content\/gallery\/sant-salvador-de-les-espases-271114\/2014-11-27-08.30.22.jpg\"\n                 style=\"max-height: 460px;\"\/>\n        <\/a>\n\n        <\/div> \n<div id=\"ngg-image-6\" class=\"ngg-gallery-slideshow-image\" style=\"height:480px\">\n\n        <a href=\"http:\/\/manelmorral.cat\/blog\/wp-content\/gallery\/sant-salvador-de-les-espases-271114\/2014-11-27-08.30.32.jpg\"\n           title=\"\"\n           data-src=\"http:\/\/manelmorral.cat\/blog\/wp-content\/gallery\/sant-salvador-de-les-espases-271114\/2014-11-27-08.30.32.jpg\"\n           data-thumbnail=\"http:\/\/manelmorral.cat\/blog\/wp-content\/gallery\/sant-salvador-de-les-espases-271114\/thumbs\/thumbs_2014-11-27-08.30.32.jpg\"\n           data-image-id=\"1641\"\n           data-title=\"SAMSUNG\"\n           data-description=\"\"\n           class=\"shutterset_6137\">\n\n            <img data-image-id='1641'\n                 title=\"\"\n                 alt=\"SAMSUNG\"\n                 src=\"http:\/\/manelmorral.cat\/blog\/wp-content\/gallery\/sant-salvador-de-les-espases-271114\/2014-11-27-08.30.32.jpg\"\n                 style=\"max-height: 460px;\"\/>\n        <\/a>\n\n        <\/div> \n<div id=\"ngg-image-7\" class=\"ngg-gallery-slideshow-image\" style=\"height:480px\">\n\n        <a href=\"http:\/\/manelmorral.cat\/blog\/wp-content\/gallery\/sant-salvador-de-les-espases-271114\/2014-11-27-08.35.24.jpg\"\n           title=\"\"\n           data-src=\"http:\/\/manelmorral.cat\/blog\/wp-content\/gallery\/sant-salvador-de-les-espases-271114\/2014-11-27-08.35.24.jpg\"\n           data-thumbnail=\"http:\/\/manelmorral.cat\/blog\/wp-content\/gallery\/sant-salvador-de-les-espases-271114\/thumbs\/thumbs_2014-11-27-08.35.24.jpg\"\n           data-image-id=\"1642\"\n           data-title=\"SAMSUNG\"\n           data-description=\"\"\n           class=\"shutterset_6137\">\n\n            <img data-image-id='1642'\n                 title=\"\"\n                 alt=\"SAMSUNG\"\n                 src=\"http:\/\/manelmorral.cat\/blog\/wp-content\/gallery\/sant-salvador-de-les-espases-271114\/2014-11-27-08.35.24.jpg\"\n                 style=\"max-height: 460px;\"\/>\n        <\/a>\n\n        <\/div> \n<div id=\"ngg-image-8\" class=\"ngg-gallery-slideshow-image\" style=\"height:480px\">\n\n        <a href=\"http:\/\/manelmorral.cat\/blog\/wp-content\/gallery\/sant-salvador-de-les-espases-271114\/2014-11-27-08.57.58.jpg\"\n           title=\"\"\n           data-src=\"http:\/\/manelmorral.cat\/blog\/wp-content\/gallery\/sant-salvador-de-les-espases-271114\/2014-11-27-08.57.58.jpg\"\n           data-thumbnail=\"http:\/\/manelmorral.cat\/blog\/wp-content\/gallery\/sant-salvador-de-les-espases-271114\/thumbs\/thumbs_2014-11-27-08.57.58.jpg\"\n           data-image-id=\"1643\"\n           data-title=\"SAMSUNG\"\n           data-description=\"\"\n           class=\"shutterset_6137\">\n\n            <img data-image-id='1643'\n                 title=\"\"\n                 alt=\"SAMSUNG\"\n                 src=\"http:\/\/manelmorral.cat\/blog\/wp-content\/gallery\/sant-salvador-de-les-espases-271114\/2014-11-27-08.57.58.jpg\"\n                 style=\"max-height: 460px;\"\/>\n        <\/a>\n\n        <\/div> \n<div id=\"ngg-image-9\" class=\"ngg-gallery-slideshow-image\" style=\"height:480px\">\n\n        <a href=\"http:\/\/manelmorral.cat\/blog\/wp-content\/gallery\/sant-salvador-de-les-espases-271114\/2014-11-27-09.00.10.jpg\"\n           title=\"\"\n           data-src=\"http:\/\/manelmorral.cat\/blog\/wp-content\/gallery\/sant-salvador-de-les-espases-271114\/2014-11-27-09.00.10.jpg\"\n           data-thumbnail=\"http:\/\/manelmorral.cat\/blog\/wp-content\/gallery\/sant-salvador-de-les-espases-271114\/thumbs\/thumbs_2014-11-27-09.00.10.jpg\"\n           data-image-id=\"1644\"\n           data-title=\"SAMSUNG\"\n           data-description=\"\"\n           class=\"shutterset_6137\">\n\n            <img data-image-id='1644'\n                 title=\"\"\n                 alt=\"SAMSUNG\"\n                 src=\"http:\/\/manelmorral.cat\/blog\/wp-content\/gallery\/sant-salvador-de-les-espases-271114\/2014-11-27-09.00.10.jpg\"\n                 style=\"max-height: 460px;\"\/>\n        <\/a>\n\n        <\/div> \n<div id=\"ngg-image-10\" class=\"ngg-gallery-slideshow-image\" style=\"height:480px\">\n\n        <a href=\"http:\/\/manelmorral.cat\/blog\/wp-content\/gallery\/sant-salvador-de-les-espases-271114\/2014-11-27-09.02.30.jpg\"\n           title=\"\"\n           data-src=\"http:\/\/manelmorral.cat\/blog\/wp-content\/gallery\/sant-salvador-de-les-espases-271114\/2014-11-27-09.02.30.jpg\"\n           data-thumbnail=\"http:\/\/manelmorral.cat\/blog\/wp-content\/gallery\/sant-salvador-de-les-espases-271114\/thumbs\/thumbs_2014-11-27-09.02.30.jpg\"\n           data-image-id=\"1645\"\n           data-title=\"SAMSUNG\"\n           data-description=\"\"\n           class=\"shutterset_6137\">\n\n            <img data-image-id='1645'\n                 title=\"\"\n                 alt=\"SAMSUNG\"\n                 src=\"http:\/\/manelmorral.cat\/blog\/wp-content\/gallery\/sant-salvador-de-les-espases-271114\/2014-11-27-09.02.30.jpg\"\n                 style=\"max-height: 460px;\"\/>\n        <\/a>\n\n        <\/div> \n<div id=\"ngg-image-11\" class=\"ngg-gallery-slideshow-image\" style=\"height:480px\">\n\n        <a href=\"http:\/\/manelmorral.cat\/blog\/wp-content\/gallery\/sant-salvador-de-les-espases-271114\/2014-11-27-09.05.22.jpg\"\n           title=\"\"\n           data-src=\"http:\/\/manelmorral.cat\/blog\/wp-content\/gallery\/sant-salvador-de-les-espases-271114\/2014-11-27-09.05.22.jpg\"\n           data-thumbnail=\"http:\/\/manelmorral.cat\/blog\/wp-content\/gallery\/sant-salvador-de-les-espases-271114\/thumbs\/thumbs_2014-11-27-09.05.22.jpg\"\n           data-image-id=\"1646\"\n           data-title=\"SAMSUNG\"\n           data-description=\"\"\n           class=\"shutterset_6137\">\n\n            <img data-image-id='1646'\n                 title=\"\"\n                 alt=\"SAMSUNG\"\n                 src=\"http:\/\/manelmorral.cat\/blog\/wp-content\/gallery\/sant-salvador-de-les-espases-271114\/2014-11-27-09.05.22.jpg\"\n                 style=\"max-height: 460px;\"\/>\n        <\/a>\n\n        <\/div> \n<div id=\"ngg-image-12\" class=\"ngg-gallery-slideshow-image\" style=\"height:480px\">\n\n        <a href=\"http:\/\/manelmorral.cat\/blog\/wp-content\/gallery\/sant-salvador-de-les-espases-271114\/2014-11-27-09.54.09.jpg\"\n           title=\"\"\n           data-src=\"http:\/\/manelmorral.cat\/blog\/wp-content\/gallery\/sant-salvador-de-les-espases-271114\/2014-11-27-09.54.09.jpg\"\n           data-thumbnail=\"http:\/\/manelmorral.cat\/blog\/wp-content\/gallery\/sant-salvador-de-les-espases-271114\/thumbs\/thumbs_2014-11-27-09.54.09.jpg\"\n           data-image-id=\"1647\"\n           data-title=\"SAMSUNG\"\n           data-description=\"\"\n           class=\"shutterset_6137\">\n\n            <img data-image-id='1647'\n                 title=\"\"\n                 alt=\"SAMSUNG\"\n                 src=\"http:\/\/manelmorral.cat\/blog\/wp-content\/gallery\/sant-salvador-de-les-espases-271114\/2014-11-27-09.54.09.jpg\"\n                 style=\"max-height: 460px;\"\/>\n        <\/a>\n\n        <\/div> \n<div id=\"ngg-image-13\" class=\"ngg-gallery-slideshow-image\" style=\"height:480px\">\n\n        <a href=\"http:\/\/manelmorral.cat\/blog\/wp-content\/gallery\/sant-salvador-de-les-espases-271114\/2014-11-27-09.55.48.jpg\"\n           title=\"\"\n           data-src=\"http:\/\/manelmorral.cat\/blog\/wp-content\/gallery\/sant-salvador-de-les-espases-271114\/2014-11-27-09.55.48.jpg\"\n           data-thumbnail=\"http:\/\/manelmorral.cat\/blog\/wp-content\/gallery\/sant-salvador-de-les-espases-271114\/thumbs\/thumbs_2014-11-27-09.55.48.jpg\"\n           data-image-id=\"1648\"\n           data-title=\"SAMSUNG\"\n           data-description=\"\"\n           class=\"shutterset_6137\">\n\n            <img data-image-id='1648'\n                 title=\"\"\n                 alt=\"SAMSUNG\"\n                 src=\"http:\/\/manelmorral.cat\/blog\/wp-content\/gallery\/sant-salvador-de-les-espases-271114\/2014-11-27-09.55.48.jpg\"\n                 style=\"max-height: 460px;\"\/>\n        <\/a>\n\n        <\/div> \n<div id=\"ngg-image-14\" class=\"ngg-gallery-slideshow-image\" style=\"height:480px\">\n\n        <a href=\"http:\/\/manelmorral.cat\/blog\/wp-content\/gallery\/sant-salvador-de-les-espases-271114\/2014-11-27-10.05.20.jpg\"\n           title=\"\"\n           data-src=\"http:\/\/manelmorral.cat\/blog\/wp-content\/gallery\/sant-salvador-de-les-espases-271114\/2014-11-27-10.05.20.jpg\"\n           data-thumbnail=\"http:\/\/manelmorral.cat\/blog\/wp-content\/gallery\/sant-salvador-de-les-espases-271114\/thumbs\/thumbs_2014-11-27-10.05.20.jpg\"\n           data-image-id=\"1649\"\n           data-title=\"SAMSUNG\"\n           data-description=\"\"\n           class=\"shutterset_6137\">\n\n            <img data-image-id='1649'\n                 title=\"\"\n                 alt=\"SAMSUNG\"\n                 src=\"http:\/\/manelmorral.cat\/blog\/wp-content\/gallery\/sant-salvador-de-les-espases-271114\/2014-11-27-10.05.20.jpg\"\n                 style=\"max-height: 460px;\"\/>\n        <\/a>\n\n        <\/div> \n<div id=\"ngg-image-15\" class=\"ngg-gallery-slideshow-image\" style=\"height:480px\">\n\n        <a href=\"http:\/\/manelmorral.cat\/blog\/wp-content\/gallery\/sant-salvador-de-les-espases-271114\/2014-11-27-10.09.21.jpg\"\n           title=\"\"\n           data-src=\"http:\/\/manelmorral.cat\/blog\/wp-content\/gallery\/sant-salvador-de-les-espases-271114\/2014-11-27-10.09.21.jpg\"\n           data-thumbnail=\"http:\/\/manelmorral.cat\/blog\/wp-content\/gallery\/sant-salvador-de-les-espases-271114\/thumbs\/thumbs_2014-11-27-10.09.21.jpg\"\n           data-image-id=\"1650\"\n           data-title=\"SAMSUNG\"\n           data-description=\"\"\n           class=\"shutterset_6137\">\n\n            <img data-image-id='1650'\n                 title=\"\"\n                 alt=\"SAMSUNG\"\n                 src=\"http:\/\/manelmorral.cat\/blog\/wp-content\/gallery\/sant-salvador-de-les-espases-271114\/2014-11-27-10.09.21.jpg\"\n                 style=\"max-height: 460px;\"\/>\n        <\/a>\n\n        <\/div> \n<div id=\"ngg-image-16\" class=\"ngg-gallery-slideshow-image\" style=\"height:480px\">\n\n        <a href=\"http:\/\/manelmorral.cat\/blog\/wp-content\/gallery\/sant-salvador-de-les-espases-271114\/2014-11-27-10.09.32.jpg\"\n           title=\"\"\n           data-src=\"http:\/\/manelmorral.cat\/blog\/wp-content\/gallery\/sant-salvador-de-les-espases-271114\/2014-11-27-10.09.32.jpg\"\n           data-thumbnail=\"http:\/\/manelmorral.cat\/blog\/wp-content\/gallery\/sant-salvador-de-les-espases-271114\/thumbs\/thumbs_2014-11-27-10.09.32.jpg\"\n           data-image-id=\"1651\"\n           data-title=\"SAMSUNG\"\n           data-description=\"\"\n           class=\"shutterset_6137\">\n\n            <img data-image-id='1651'\n                 title=\"\"\n                 alt=\"SAMSUNG\"\n                 src=\"http:\/\/manelmorral.cat\/blog\/wp-content\/gallery\/sant-salvador-de-les-espases-271114\/2014-11-27-10.09.32.jpg\"\n                 style=\"max-height: 460px;\"\/>\n        <\/a>\n\n        <\/div> \n<div id=\"ngg-image-17\" class=\"ngg-gallery-slideshow-image\" style=\"height:480px\">\n\n        <a href=\"http:\/\/manelmorral.cat\/blog\/wp-content\/gallery\/sant-salvador-de-les-espases-271114\/2014-11-27-10.33.05.jpg\"\n           title=\"\"\n           data-src=\"http:\/\/manelmorral.cat\/blog\/wp-content\/gallery\/sant-salvador-de-les-espases-271114\/2014-11-27-10.33.05.jpg\"\n           data-thumbnail=\"http:\/\/manelmorral.cat\/blog\/wp-content\/gallery\/sant-salvador-de-les-espases-271114\/thumbs\/thumbs_2014-11-27-10.33.05.jpg\"\n           data-image-id=\"1652\"\n           data-title=\"SAMSUNG\"\n           data-description=\"\"\n           class=\"shutterset_6137\">\n\n            <img data-image-id='1652'\n                 title=\"\"\n                 alt=\"SAMSUNG\"\n                 src=\"http:\/\/manelmorral.cat\/blog\/wp-content\/gallery\/sant-salvador-de-les-espases-271114\/2014-11-27-10.33.05.jpg\"\n                 style=\"max-height: 460px;\"\/>\n        <\/a>\n\n        <\/div> \n<div id=\"ngg-image-18\" class=\"ngg-gallery-slideshow-image\" style=\"height:480px\">\n\n        <a href=\"http:\/\/manelmorral.cat\/blog\/wp-content\/gallery\/sant-salvador-de-les-espases-271114\/2014-11-27-10.45.50.jpg\"\n           title=\"\"\n           data-src=\"http:\/\/manelmorral.cat\/blog\/wp-content\/gallery\/sant-salvador-de-les-espases-271114\/2014-11-27-10.45.50.jpg\"\n           data-thumbnail=\"http:\/\/manelmorral.cat\/blog\/wp-content\/gallery\/sant-salvador-de-les-espases-271114\/thumbs\/thumbs_2014-11-27-10.45.50.jpg\"\n           data-image-id=\"1653\"\n           data-title=\"SAMSUNG\"\n           data-description=\"\"\n           class=\"shutterset_6137\">\n\n            <img data-image-id='1653'\n                 title=\"\"\n                 alt=\"SAMSUNG\"\n                 src=\"http:\/\/manelmorral.cat\/blog\/wp-content\/gallery\/sant-salvador-de-les-espases-271114\/2014-11-27-10.45.50.jpg\"\n                 style=\"max-height: 460px;\"\/>\n        <\/a>\n\n        <\/div> \n<div id=\"ngg-image-19\" class=\"ngg-gallery-slideshow-image\" style=\"height:480px\">\n\n        <a href=\"http:\/\/manelmorral.cat\/blog\/wp-content\/gallery\/sant-salvador-de-les-espases-271114\/2014-11-27-11.04.12.jpg\"\n           title=\"\"\n           data-src=\"http:\/\/manelmorral.cat\/blog\/wp-content\/gallery\/sant-salvador-de-les-espases-271114\/2014-11-27-11.04.12.jpg\"\n           data-thumbnail=\"http:\/\/manelmorral.cat\/blog\/wp-content\/gallery\/sant-salvador-de-les-espases-271114\/thumbs\/thumbs_2014-11-27-11.04.12.jpg\"\n           data-image-id=\"1654\"\n           data-title=\"SAMSUNG\"\n           data-description=\"\"\n           class=\"shutterset_6137\">\n\n            <img data-image-id='1654'\n                 title=\"\"\n                 alt=\"SAMSUNG\"\n                 src=\"http:\/\/manelmorral.cat\/blog\/wp-content\/gallery\/sant-salvador-de-les-espases-271114\/2014-11-27-11.04.12.jpg\"\n                 style=\"max-height: 460px;\"\/>\n        <\/a>\n\n        <\/div> \n<\/div>\n\n\n\n<\/p>\n","protected":false},"excerpt":{"rendered":"<p>Tot acumulant joventuts, avui he anat a celebrar-ho fent una passejada pujant&nbsp;a un cim petit, molt petit, del nostre petit, estimat i maltractat pa\u00eds. He fet cap a Olesa de Montserrat i, despr\u00e9s d&#8217;aparcar al Balneari de la Puda, m&#8217;he enfilat a poc a poquet fins arribar a SANT SALVADOR DE LES ESPASES. El dia [&hellip;]<\/p>\n","protected":false},"author":2,"featured_media":0,"comment_status":"open","ping_status":"closed","sticky":false,"template":"","format":"standard","meta":{"ngg_post_thumbnail":0,"jetpack_post_was_ever_published":false,"_jetpack_newsletter_access":"","_jetpack_newsletter_tier_id":0,"jetpack_publicize_message":"","jetpack_is_tweetstorm":false,"jetpack_publicize_feature_enabled":true,"jetpack_social_post_already_shared":false,"jetpack_social_options":{"image_generator_settings":{"template":"highway","enabled":false}}},"categories":[15],"tags":[],"jetpack_publicize_connections":[],"jetpack_featured_media_url":"","jetpack_sharing_enabled":true,"jetpack_shortlink":"https:\/\/wp.me\/p8PLxk-1AY","jetpack-related-posts":[{"id":9740,"url":"http:\/\/manelmorral.cat\/blog\/?p=9740","url_meta":{"origin":6136,"position":0},"title":"UN MAT\u00cd IMPAGABLE&#8230;","author":"manel","date":"16\/01\/2018","format":false,"excerpt":"Avui ha estat un d\u2019aquells dies que puc dir que he desconnectat. Durant unes hores, al mat\u00ed, he acompanyat alumnes de 3er. A i B de l\u2019escola \u00c0NGELA BRANSUELA a un \u201cTaller de dibuix\u201d a l\u2019exposici\u00f3 que l\u2019ASSOCIACI\u00d3 SANT LLUC PER L\u2019ART t\u00e9 a la Sala del Casal Alian\u00e7a i\u2026","rel":"","context":"A &quot;Tics, tocs i tacs del dia a dia&quot;","block_context":{"text":"Tics, tocs i tacs del dia a dia","link":"http:\/\/manelmorral.cat\/blog\/?cat=1"},"img":{"alt_text":"","src":"","width":0,"height":0},"classes":[]},{"id":2030,"url":"http:\/\/manelmorral.cat\/blog\/?p=2030","url_meta":{"origin":6136,"position":1},"title":"&#8220;ELS SOTS FER\u00c9STECS: LA VERGONYA DE L\u2019ULLAR  -M\u00c9S INFORMACI\u00d3-","author":"manel","date":"07\/02\/2011","format":false,"excerpt":"El que tenia de ser una caminada tranquil\u00b7la i relaxant s\u2019ha convertit en una emprenyada davant l\u2019espectacle de degradaci\u00f3 del medi ambient i atac a la natura que hem trobat tot just comen\u00e7ar. Es tracta de la masia de l\u2019Ullar i el seu entorn. Text tret d\u2019internet: L'ULLAR \u00c9s un\u2026","rel":"","context":"A &quot;Caminades&quot;","block_context":{"text":"Caminades","link":"http:\/\/manelmorral.cat\/blog\/?cat=15"},"img":{"alt_text":"","src":"","width":0,"height":0},"classes":[]},{"id":4802,"url":"http:\/\/manelmorral.cat\/blog\/?p=4802","url_meta":{"origin":6136,"position":2},"title":"ESPANYA, UN ESTAT RO\u00cd, DEPREDADOR, TIR\u00c0&#8230;","author":"manel","date":"01\/06\/2013","format":false,"excerpt":". Els meus dibuixos i comentaris no deixen d\u2019insistir, constantment, en la idea de que Espanya es un estat ro\u00ed, depredador, tir\u00e0... La seva hist\u00f2ria est\u00e0 plena d\u2019exemples que corroboren aquests qualificatius i de pitjors que se\u2019ns puguin oc\u00f3rrer. Al llarg dels segles l\u2019imperi Espanyol ha estat com el cavall\u2026","rel":"","context":"A &quot;Al cap i a la fi, si s\u00f3n com s\u00f3n, \u00e9s m\u00e9s divertit riure'ns-en que lamentar-ho&quot;","block_context":{"text":"Al cap i a la fi, si s\u00f3n com s\u00f3n, \u00e9s m\u00e9s divertit riure'ns-en que lamentar-ho","link":"http:\/\/manelmorral.cat\/blog\/?cat=12"},"img":{"alt_text":"","src":"https:\/\/i0.wp.com\/manelmorral.cat\/blog\/wp-content\/uploads\/2013\/05\/JENETS-DE-LAPOCALIPSI-001-266x300.jpg?resize=350%2C200","width":350,"height":200},"classes":[]},{"id":10093,"url":"http:\/\/manelmorral.cat\/blog\/?p=10093","url_meta":{"origin":6136,"position":3},"title":"LECXIT  &#8211; 2018\/2019","author":"admin","date":"19\/09\/2018","format":false,"excerpt":"L E C X I T . Est\u00e0 a punt de comen\u00e7ar el curs d\u2019enguany que s\u2019allargar\u00e0 fins el juny de 2019, i a hores d\u2019ara falten tutores\/tutors per atendre a totes les noies\/nois del programa. ..\u00a0 A grans trets el LECXIT consisteix en anar NOM\u00c9S UNA HORA A LA\u2026","rel":"","context":"A &quot;Tics, tocs i tacs del dia a dia&quot;","block_context":{"text":"Tics, tocs i tacs del dia a dia","link":"http:\/\/manelmorral.cat\/blog\/?cat=1"},"img":{"alt_text":"","src":"","width":0,"height":0},"classes":[]},{"id":7384,"url":"http:\/\/manelmorral.cat\/blog\/?p=7384","url_meta":{"origin":6136,"position":4},"title":"HABEMUS PRESIDENT !!!!!","author":"manel","date":"11\/01\/2016","format":false,"excerpt":"Tot i l\u2019entossudiment dels maldestres capsigranys de la C.U.P. per carregar-se la il\u00b7lusi\u00f3 del proc\u00e9s posant-li tota mena de pals a les rodes, al llarg de tres inacabables mesos en que hem estat la riota del m\u00f3n fent un rid\u00edcul totalment estalviable... JA TENIM PRESIDENT !!! Si a m\u00e9s d\u2019assemblearis\u2026","rel":"","context":"A &quot;Al cap i a la fi, si s\u00f3n com s\u00f3n, \u00e9s m\u00e9s divertit riure'ns-en que lamentar-ho&quot;","block_context":{"text":"Al cap i a la fi, si s\u00f3n com s\u00f3n, \u00e9s m\u00e9s divertit riure'ns-en que lamentar-ho","link":"http:\/\/manelmorral.cat\/blog\/?cat=12"},"img":{"alt_text":"","src":"https:\/\/i0.wp.com\/manelmorral.cat\/blog\/wp-content\/uploads\/2016\/01\/ARTUR-MAS-i-PUIGDEMONT-001-300x297.jpg?resize=350%2C200","width":350,"height":200},"classes":[]},{"id":5091,"url":"http:\/\/manelmorral.cat\/blog\/?p=5091","url_meta":{"origin":6136,"position":5},"title":"GUILLEM AYMERICH I L&#8217;ART&#8230;  QU\u00c8 \u00c9S&#8230;?  QU\u00c8 \u00c9S L&#8217;ART&#8230;?","author":"manel","date":"22\/10\/2013","format":false,"excerpt":"Jo, en moltes coses, em faig embolics; s\u00f3c el que se\u2019n diu un \u201ccagadubtes\u201d; em costa decidir\u00a0que\u00a0m\u2019agrada i que no m\u2019agrada.\u00a0Amb l\u2019ART, per\u00f2, ho tinc molt clar... tinc molt clar que no hi entenc res de res. Aquests dies hi ha una exposici\u00f3 col\u00b7lectiva per la que ja m'hi he\u2026","rel":"","context":"A &quot;Galeries d'artistes&quot;","block_context":{"text":"Galeries d'artistes","link":"http:\/\/manelmorral.cat\/blog\/?cat=8"},"img":{"alt_text":"","src":"https:\/\/i0.wp.com\/manelmorral.cat\/blog\/wp-content\/uploads\/2013\/10\/01-225x300.jpg?resize=350%2C200","width":350,"height":200},"classes":[]}],"_links":{"self":[{"href":"http:\/\/manelmorral.cat\/blog\/index.php?rest_route=\/wp\/v2\/posts\/6136"}],"collection":[{"href":"http:\/\/manelmorral.cat\/blog\/index.php?rest_route=\/wp\/v2\/posts"}],"about":[{"href":"http:\/\/manelmorral.cat\/blog\/index.php?rest_route=\/wp\/v2\/types\/post"}],"author":[{"embeddable":true,"href":"http:\/\/manelmorral.cat\/blog\/index.php?rest_route=\/wp\/v2\/users\/2"}],"replies":[{"embeddable":true,"href":"http:\/\/manelmorral.cat\/blog\/index.php?rest_route=%2Fwp%2Fv2%2Fcomments&post=6136"}],"version-history":[{"count":0,"href":"http:\/\/manelmorral.cat\/blog\/index.php?rest_route=\/wp\/v2\/posts\/6136\/revisions"}],"wp:attachment":[{"href":"http:\/\/manelmorral.cat\/blog\/index.php?rest_route=%2Fwp%2Fv2%2Fmedia&parent=6136"}],"wp:term":[{"taxonomy":"category","embeddable":true,"href":"http:\/\/manelmorral.cat\/blog\/index.php?rest_route=%2Fwp%2Fv2%2Fcategories&post=6136"},{"taxonomy":"post_tag","embeddable":true,"href":"http:\/\/manelmorral.cat\/blog\/index.php?rest_route=%2Fwp%2Fv2%2Ftags&post=6136"}],"curies":[{"name":"wp","href":"https:\/\/api.w.org\/{rel}","templated":true}]}}