{"id":8315,"date":"2016-11-30T09:12:36","date_gmt":"2016-11-30T09:12:36","guid":{"rendered":"http:\/\/manelmorral.cat\/blog\/?p=8315"},"modified":"2017-01-02T15:17:52","modified_gmt":"2017-01-02T15:17:52","slug":"nuria-florenza-i-serra-3","status":"publish","type":"post","link":"http:\/\/manelmorral.cat\/blog\/?p=8315","title":{"rendered":"III  N\u00daRIA FLORENZA i SERRA"},"content":{"rendered":"<p><a href=\"https:\/\/i0.wp.com\/manelmorral.cat\/blog\/wp-content\/uploads\/2016\/10\/NFS.jpg\"><img data-attachment-id=\"7961\" data-permalink=\"http:\/\/manelmorral.cat\/blog\/?attachment_id=7961\" data-orig-file=\"https:\/\/i0.wp.com\/manelmorral.cat\/blog\/wp-content\/uploads\/2016\/10\/NFS.jpg?fit=367%2C495\" data-orig-size=\"367,495\" data-comments-opened=\"0\" data-image-meta=\"{&quot;aperture&quot;:&quot;0&quot;,&quot;credit&quot;:&quot;&quot;,&quot;camera&quot;:&quot;&quot;,&quot;caption&quot;:&quot;&quot;,&quot;created_timestamp&quot;:&quot;0&quot;,&quot;copyright&quot;:&quot;&quot;,&quot;focal_length&quot;:&quot;0&quot;,&quot;iso&quot;:&quot;0&quot;,&quot;shutter_speed&quot;:&quot;0&quot;,&quot;title&quot;:&quot;&quot;,&quot;orientation&quot;:&quot;0&quot;}\" data-image-title=\"nfs\" data-image-description=\"\" data-image-caption=\"\" data-medium-file=\"https:\/\/i0.wp.com\/manelmorral.cat\/blog\/wp-content\/uploads\/2016\/10\/NFS.jpg?fit=222%2C300\" data-large-file=\"https:\/\/i0.wp.com\/manelmorral.cat\/blog\/wp-content\/uploads\/2016\/10\/NFS.jpg?fit=367%2C495\" decoding=\"async\" loading=\"lazy\" class=\"wp-image-7961 alignleft\" src=\"https:\/\/i0.wp.com\/manelmorral.cat\/blog\/wp-content\/uploads\/2016\/10\/NFS.jpg?resize=94%2C127\" alt=\"nfs\" width=\"94\" height=\"127\" srcset=\"https:\/\/i0.wp.com\/manelmorral.cat\/blog\/wp-content\/uploads\/2016\/10\/NFS.jpg?resize=222%2C300 222w, https:\/\/i0.wp.com\/manelmorral.cat\/blog\/wp-content\/uploads\/2016\/10\/NFS.jpg?w=367 367w\" sizes=\"(max-width: 94px) 100vw, 94px\" data-recalc-dims=\"1\" \/><\/a><\/p>\n<p style=\"text-align: justify;\">Seguint amb la meva d\u00e8ria de publicitar els poemas de la&nbsp;N\u00daRIA FLORENZA i SERRA per tal d&#8217;aconseguir que els seus sentiments arribin a tothom que&nbsp;estimi&nbsp;la poesia, avui cinc preciosos poemes m\u00e9s del seu llibre &nbsp;<span style=\"color: #0000ff;\"><strong>&#8220;N\u00daRIA, CLOENDA D&#8217;UN POEMA&#8221;<\/strong><\/span>.&nbsp;<\/p>\n<p style=\"text-align: justify;\">En el llibre apareixen en ordre invers de&nbsp;quan va ser escrits, o sigui, comen\u00e7a amb l&#8217;\u00faltim que va escriure (<strong><span style=\"color: #0000ff;\"><a style=\"color: #0000ff;\" href=\"http:\/\/manelmorral.cat\/blog\/?attachment_id=8569\" rel=\"attachment wp-att-8569\">A REVEURE<\/a><\/span><\/strong>) i va&nbsp;retrocedint en el temps.<\/p>\n<p style=\"text-align: justify;\"><span style=\"color: #ffffff;\">.<\/span><\/p>\n<p style=\"text-align: justify;\"><span style=\"color: #ffffff;\">.<\/span><\/p>\n<p style=\"text-align: justify;\"><span style=\"color: #ffffff;\">.<\/span><\/p>\n<p>&nbsp;<\/p>\n<p><span style=\"color: #0000ff;\"><strong><a style=\"color: #0000ff;\" href=\"http:\/\/manelmorral.cat\/blog\/?attachment_id=8581\" rel=\"attachment wp-att-8581\">ANGOIXA<\/a><\/strong><\/span><\/p>\n<p><span style=\"color: #0000ff;\"><strong><a style=\"color: #0000ff;\" href=\"http:\/\/manelmorral.cat\/blog\/?attachment_id=8582\" rel=\"attachment wp-att-8582\">NEGUIT<\/a><\/strong><\/span><\/p>\n<p><span style=\"color: #0000ff;\"><strong><a style=\"color: #0000ff;\" href=\"http:\/\/manelmorral.cat\/blog\/?attachment_id=8583\" rel=\"attachment wp-att-8583\">ENYOR<\/a><\/strong><\/span><\/p>\n<p><span style=\"color: #0000ff;\"><strong><a style=\"color: #0000ff;\" href=\"http:\/\/manelmorral.cat\/blog\/?attachment_id=8584\" rel=\"attachment wp-att-8584\">A MARIA \u00c0NGELS CANALS<\/a><\/strong><\/span><\/p>\n<p><span style=\"color: #0000ff;\"><strong><a style=\"color: #0000ff;\" href=\"http:\/\/manelmorral.cat\/blog\/?attachment_id=8585\" rel=\"attachment wp-att-8585\">COMP\u00c0S D&#8217;ESPERA<\/a><\/strong><\/span><\/p>\n<p>&nbsp;<\/p>\n<p>&nbsp;<\/p>\n<p>En aquest enlla\u00e7os trobareu m\u00e9s obra d&#8217;ella:<\/p>\n<p><strong><span style=\"color: #0000ff;\"><a style=\"color: #0000ff;\" href=\"http:\/\/manelmorral.cat\/blog\/?p=7960\">N\u00daRIA FLORENZA I SERRA<\/a><\/span><\/strong><\/p>\n<p><strong><span style=\"color: #0000ff;\"><a style=\"color: #0000ff;\" href=\"http:\/\/manelmorral.cat\/blog\/?p=8196\">II N\u00daRIA FLORENZA i SERRA<\/a><\/span><\/strong><\/p>\n<p>&nbsp;<\/p>\n","protected":false},"excerpt":{"rendered":"<p>Seguint amb la meva d\u00e8ria de publicitar els poemas de la&nbsp;N\u00daRIA FLORENZA i SERRA per tal d&#8217;aconseguir que els seus sentiments arribin a tothom que&nbsp;estimi&nbsp;la poesia, avui cinc preciosos poemes m\u00e9s del seu llibre &nbsp;&#8220;N\u00daRIA, CLOENDA D&#8217;UN POEMA&#8221;.&nbsp; En el llibre apareixen en ordre invers de&nbsp;quan va ser escrits, o sigui, comen\u00e7a amb l&#8217;\u00faltim que [&hellip;]<\/p>\n","protected":false},"author":1,"featured_media":0,"comment_status":"open","ping_status":"closed","sticky":false,"template":"","format":"standard","meta":{"ngg_post_thumbnail":0,"jetpack_post_was_ever_published":false,"_jetpack_newsletter_access":"","_jetpack_newsletter_tier_id":0,"jetpack_publicize_message":"","jetpack_is_tweetstorm":false,"jetpack_publicize_feature_enabled":true,"jetpack_social_post_already_shared":false,"jetpack_social_options":{"image_generator_settings":{"template":"highway","enabled":false}}},"categories":[11],"tags":[],"jetpack_publicize_connections":[],"jetpack_featured_media_url":"","jetpack_sharing_enabled":true,"jetpack_shortlink":"https:\/\/wp.me\/p8PLxk-2a7","jetpack-related-posts":[{"id":7960,"url":"http:\/\/manelmorral.cat\/blog\/?p=7960","url_meta":{"origin":8315,"position":0},"title":"N\u00daRIA FLORENZA i SERRA","author":"manel","date":"19\/10\/2016","format":false,"excerpt":"N\u00daRIA FLORENZA i SERRA va n\u00e9ixer a Matar\u00f3 el 31 d\u2019agost de 1935. Malauradament la mort se la va emportar prematura i dissortadament el 6 de setembre de 1981; ara ha fet 35 anys del seu trasp\u00e0s. Des de la seva petita parada d'ultramarins a la Pla\u00e7a de Cuba atenia\u2026","rel":"","context":"A &quot;Poesia&quot;","block_context":{"text":"Poesia","link":"http:\/\/manelmorral.cat\/blog\/?cat=11"},"img":{"alt_text":"nfs-ofrena-a-tothom","src":"https:\/\/i0.wp.com\/manelmorral.cat\/blog\/wp-content\/uploads\/2016\/10\/NFS-Ofrena-a-tothom-300x238.jpg?resize=350%2C200","width":350,"height":200},"classes":[]},{"id":8480,"url":"http:\/\/manelmorral.cat\/blog\/?p=8480","url_meta":{"origin":8315,"position":1},"title":"V  N\u00daRIA FLORENZA i SERRA  (Nadal)","author":"manel","date":"25\/12\/2016","format":false,"excerpt":". BON NADAL \u00a0i BONA POESIA PER A TOTHOM...!!!\u00a0 En el seu\u00a0llibre \"N\u00daRIA, CLOENDA D'UN POEMA\", \u00a0hi ha sis\u00a0poemes que la N\u00daRIA va escriure inspirant-se en el Nadal. Trencant per una vegada amb la idea de publicar el poemari de la N\u00dcRIA per ordre de paginaci\u00f3, faig una excepci\u00f3 i\u2026","rel":"","context":"A &quot;Poesia&quot;","block_context":{"text":"Poesia","link":"http:\/\/manelmorral.cat\/blog\/?cat=11"},"img":{"alt_text":"","src":"","width":0,"height":0},"classes":[]},{"id":8196,"url":"http:\/\/manelmorral.cat\/blog\/?p=8196","url_meta":{"origin":8315,"position":2},"title":"II N\u00daRIA FLORENZA i SERRA","author":"manel","date":"14\/11\/2016","format":false,"excerpt":"\u00a0 El 19 d'ctubre d'enguay vaig \"penjar\" un recordatori a\u00a0la N\u00daRIA FLORENZA i SERRA,\u00a0una poetessa an\u00f3nima de la que tinc la sort de posse\u00efr \u00a0un exemplar de l'\u00fanic llibre editat de la seva obra. Aquest llibre va ser publicat l'octubre de 1981 a t\u00edtol p\u00f2stum. Avui quatre\u00a0dels poemes que inicien\u2026","rel":"","context":"A &quot;Poesia&quot;","block_context":{"text":"Poesia","link":"http:\/\/manelmorral.cat\/blog\/?cat=11"},"img":{"alt_text":"","src":"https:\/\/i0.wp.com\/manelmorral.cat\/blog\/wp-content\/uploads\/2016\/10\/NFS-222x300.jpg?resize=350%2C200","width":350,"height":200},"classes":[]},{"id":9111,"url":"http:\/\/manelmorral.cat\/blog\/?p=9111","url_meta":{"origin":8315,"position":3},"title":"ESPECIAL &#8220;TASTETS DE CULTURA&#8221; DEDICAT A N\u00daRIA FLORENZA i SERRA","author":"manel","date":"23\/05\/2017","format":false,"excerpt":"Tal com estava previst, el passat dissabte dia 20 es va emetre per Matar\u00f3 R\u00e0dio el programa \"Tastets de Cultura\" dedicat a N\u00daRIA FLORENZA i SERRA. Clicant en aquest enlla\u00e7 podreu accedir a l'audio del programa: 2017\/05\/20 - ESPECIAL \"TASTETS DE CULTURA\" DEDICAT A N\u00daRIA FLORENZA i SERRA ----------------------------------------------------- Farem\u00a0un\u2026","rel":"","context":"A &quot;Poesia&quot;","block_context":{"text":"Poesia","link":"http:\/\/manelmorral.cat\/blog\/?cat=11"},"img":{"alt_text":"","src":"","width":0,"height":0},"classes":[]},{"id":9568,"url":"http:\/\/manelmorral.cat\/blog\/?p=9568","url_meta":{"origin":8315,"position":4},"title":"SEGON PROGRAMA DEDICAT A LA N\u00daRIA FLORENZA i SERRA","author":"manel","date":"18\/10\/2017","format":false,"excerpt":"Per segona vegada portem la poes\u00eda de la N\u00daRIA FLORENZA i SERRA a la r\u00e0dio: Enmig de tant desgavell que estem patint, ens anir\u00e0 b\u00e9 desconnectar uns minuts amb poesia i m\u00fasica. AQU\u00cd\u00a0\u00a0trobareu diverses entrades amb poesies seves i alguna pinzellada biogr\u00e0fique. Podeu recuperar el primer programa en aquest enlla\u00e7\u00a0TASTETS\u2026","rel":"","context":"A &quot;Tics, tocs i tacs del dia a dia&quot;","block_context":{"text":"Tics, tocs i tacs del dia a dia","link":"http:\/\/manelmorral.cat\/blog\/?cat=1"},"img":{"alt_text":"","src":"https:\/\/i0.wp.com\/manelmorral.cat\/blog\/wp-content\/uploads\/2017\/10\/CARTELL-N\u00c3\u009aRIA-FLORENZA-i-SERRA-21-octubre-2017-208x300.jpg?resize=350%2C200","width":350,"height":200},"classes":[]},{"id":9633,"url":"http:\/\/manelmorral.cat\/blog\/?p=9633","url_meta":{"origin":8315,"position":5},"title":"S\u00cdLVIA BEL recita a N\u00daRIA FLORENZA","author":"manel","date":"04\/11\/2017","format":false,"excerpt":"Ahir, 3 de novembre, vam celebrar a la BIBLIOTECA ANTONI COMAS de Matar\u00f3 un homenatge a la poetessa N\u00daRIA FLORENZA i SERRA (1935-1981) i al poeta i tamb\u00e9 escriptor ALBERT PERA i SEGURA llegint els seus poemes, escoltant les m\u00fasiques que agradaven a la N\u00daRIA i compartin viv\u00e8ncies amb REMEI\u2026","rel":"","context":"A &quot;Poesia&quot;","block_context":{"text":"Poesia","link":"http:\/\/manelmorral.cat\/blog\/?cat=11"},"img":{"alt_text":"","src":"https:\/\/i0.wp.com\/manelmorral.cat\/blog\/wp-content\/uploads\/2017\/11\/HOMENATGE-A-N\u00c3\u009aRIA-FLORENZA-i-SERRA-a-300x225.jpg?resize=350%2C200","width":350,"height":200},"classes":[]}],"_links":{"self":[{"href":"http:\/\/manelmorral.cat\/blog\/index.php?rest_route=\/wp\/v2\/posts\/8315"}],"collection":[{"href":"http:\/\/manelmorral.cat\/blog\/index.php?rest_route=\/wp\/v2\/posts"}],"about":[{"href":"http:\/\/manelmorral.cat\/blog\/index.php?rest_route=\/wp\/v2\/types\/post"}],"author":[{"embeddable":true,"href":"http:\/\/manelmorral.cat\/blog\/index.php?rest_route=\/wp\/v2\/users\/1"}],"replies":[{"embeddable":true,"href":"http:\/\/manelmorral.cat\/blog\/index.php?rest_route=%2Fwp%2Fv2%2Fcomments&post=8315"}],"version-history":[{"count":0,"href":"http:\/\/manelmorral.cat\/blog\/index.php?rest_route=\/wp\/v2\/posts\/8315\/revisions"}],"wp:attachment":[{"href":"http:\/\/manelmorral.cat\/blog\/index.php?rest_route=%2Fwp%2Fv2%2Fmedia&parent=8315"}],"wp:term":[{"taxonomy":"category","embeddable":true,"href":"http:\/\/manelmorral.cat\/blog\/index.php?rest_route=%2Fwp%2Fv2%2Fcategories&post=8315"},{"taxonomy":"post_tag","embeddable":true,"href":"http:\/\/manelmorral.cat\/blog\/index.php?rest_route=%2Fwp%2Fv2%2Ftags&post=8315"}],"curies":[{"name":"wp","href":"https:\/\/api.w.org\/{rel}","templated":true}]}}