{"id":8838,"date":"2017-03-19T21:05:31","date_gmt":"2017-03-19T21:05:31","guid":{"rendered":"http:\/\/manelmorral.cat\/blog\/?p=8838"},"modified":"2017-08-20T06:16:24","modified_gmt":"2017-08-20T06:16:24","slug":"ix-nuria-florenza-i-serra","status":"publish","type":"post","link":"http:\/\/manelmorral.cat\/blog\/?p=8838","title":{"rendered":"IX N\u00daRIA FLORENZA i SERRA"},"content":{"rendered":"<p><a href=\"https:\/\/i0.wp.com\/manelmorral.cat\/blog\/wp-content\/uploads\/2016\/10\/NFS.jpg\"><img data-attachment-id=\"7961\" data-permalink=\"http:\/\/manelmorral.cat\/blog\/?attachment_id=7961\" data-orig-file=\"https:\/\/i0.wp.com\/manelmorral.cat\/blog\/wp-content\/uploads\/2016\/10\/NFS.jpg?fit=367%2C495\" data-orig-size=\"367,495\" data-comments-opened=\"0\" data-image-meta=\"{&quot;aperture&quot;:&quot;0&quot;,&quot;credit&quot;:&quot;&quot;,&quot;camera&quot;:&quot;&quot;,&quot;caption&quot;:&quot;&quot;,&quot;created_timestamp&quot;:&quot;0&quot;,&quot;copyright&quot;:&quot;&quot;,&quot;focal_length&quot;:&quot;0&quot;,&quot;iso&quot;:&quot;0&quot;,&quot;shutter_speed&quot;:&quot;0&quot;,&quot;title&quot;:&quot;&quot;,&quot;orientation&quot;:&quot;0&quot;}\" data-image-title=\"nfs\" data-image-description=\"\" data-image-caption=\"\" data-medium-file=\"https:\/\/i0.wp.com\/manelmorral.cat\/blog\/wp-content\/uploads\/2016\/10\/NFS.jpg?fit=222%2C300\" data-large-file=\"https:\/\/i0.wp.com\/manelmorral.cat\/blog\/wp-content\/uploads\/2016\/10\/NFS.jpg?fit=367%2C495\" decoding=\"async\" loading=\"lazy\" class=\"alignleft wp-image-7961\" src=\"https:\/\/i0.wp.com\/manelmorral.cat\/blog\/wp-content\/uploads\/2016\/10\/NFS.jpg?resize=169%2C228\" alt=\"\" width=\"169\" height=\"228\" srcset=\"https:\/\/i0.wp.com\/manelmorral.cat\/blog\/wp-content\/uploads\/2016\/10\/NFS.jpg?resize=222%2C300 222w, https:\/\/i0.wp.com\/manelmorral.cat\/blog\/wp-content\/uploads\/2016\/10\/NFS.jpg?w=367 367w\" sizes=\"(max-width: 169px) 100vw, 169px\" data-recalc-dims=\"1\" \/><\/a><\/p>\n<p>&nbsp;<\/p>\n<h5><span style=\"color: #000000;\">L\u2019octubre de 1981, amb motiu de la mort de la N\u00faria, l\u2019Agrupaci\u00f3 Hispana d\u2019Escriptors li va dedicar, \u00edntegre, el butllet\u00ed n\u00famero 27. En aquest butllet\u00ed trobem, entre d\u2019altres que parlen de la N\u00faria, l\u2019Albert Pera, professor de llengua catalana, escriptor d\u2019assaig, de biografies, per\u00f2 sobretot poeta, havent guanyat diversos guardons i publicat varis llibres de poemes. Ell comen\u00e7ava aix\u00ed el seu paneg\u00edric dedicat a la N\u00faria:<\/span><\/h5>\n<p><em><span style=\"color: #0000ff;\">\u201c&#8230;La N\u00faria Florenza ven\u00eda olives i pesca salada a la Pla\u00e7a de Cuba. Des de la seva parada professava un catalanisme obert i decidit. \u201c<strong>No em demaneu lates d\u2019atun ni olives rellenes. Demaneu-me llaunes de tonyina i olives farcides, i tot anir\u00e0 m\u00e9s b\u00e9<\/strong>\u201d. Era jove, agradable, es guanyava la simpat\u00eda de tothom.<\/span><\/em><\/p>\n<p><em><span style=\"color: #0000ff;\">Una venedora de pla\u00e7a. S\u00ed, i qu\u00e8?. Un treball honest compatible amb l\u2019exercici de la poes\u00eda m\u00e9s noble i enlairada posada al servei d\u2019una humanitat i d\u2019una sensibilitat desbordants. Una poetessa, doncs, tamb\u00e9, per un insubornable impuls exterior. &#8220;<\/span><\/em><\/p>\n<p>&nbsp;<\/p>\n<p style=\"text-align: left;\">&#8212;&#8212;&#8212;&#8212;&#8212;&#8212;&#8212;&#8212;&#8212;&#8212;&#8212;&#8212;&#8212;&#8212;&#8212;&#8212;<\/p>\n<p style=\"text-align: left;\"><strong><span style=\"color: #0000ff;\"><a style=\"color: #0000ff;\" href=\"http:\/\/manelmorral.cat\/blog\/?attachment_id=8937\" rel=\"attachment wp-att-8937\">PASSEN ELS DIES<\/a><\/span><\/strong><\/p>\n<p style=\"text-align: left;\"><span style=\"color: #0000ff;\"><strong><a style=\"color: #0000ff;\" href=\"http:\/\/manelmorral.cat\/blog\/wp-content\/uploads\/2017\/03\/p.57-N.F.S.-LLUNY.pdf\">LLUNY<\/a><\/strong><\/span><\/p>\n<p style=\"text-align: left;\"><span style=\"color: #0000ff;\"><strong><a style=\"color: #0000ff;\" href=\"http:\/\/manelmorral.cat\/blog\/wp-content\/uploads\/2017\/03\/p.58-N.F.S.-EXPLICA\u2019M-LA-VIDA.pdf\">EXPLICA\u2019M LA VIDA<\/a><\/strong><\/span><\/p>\n<p style=\"text-align: left;\"><span style=\"color: #0000ff;\"><strong><a style=\"color: #0000ff;\" href=\"http:\/\/manelmorral.cat\/blog\/wp-content\/uploads\/2017\/03\/p.60-N.F.S.-LLOAN\u00c7A-A-LA-VIDA.pdf\">LLOAN\u00c7A A LA VIDA<\/a><\/strong><\/span><\/p>\n<p style=\"text-align: left;\"><strong><a href=\"http:\/\/manelmorral.cat\/blog\/wp-content\/uploads\/2017\/03\/p.61-N.F.S.-ME-L\u2019ESTIMO-TANT.pdf\"><span style=\"color: #0000ff;\">ME L\u2019ESTIMO TAN<\/span>T<\/a><\/strong><\/p>\n<p style=\"text-align: left;\"><span style=\"color: #0000ff;\"><strong><a style=\"color: #0000ff;\" href=\"http:\/\/manelmorral.cat\/blog\/wp-content\/uploads\/2017\/03\/p.62-N.F.S.-RECORDS.pdf\">RECORDS<\/a><\/strong><\/span><\/p>\n<p>&nbsp;<br \/>\n<a href=\"https:\/\/i0.wp.com\/manelmorral.cat\/blog\/wp-content\/uploads\/2017\/03\/10155849_370710119737299_1891394581_n.jpg\"><img data-attachment-id=\"8919\" data-permalink=\"http:\/\/manelmorral.cat\/blog\/?attachment_id=8919\" data-orig-file=\"https:\/\/i0.wp.com\/manelmorral.cat\/blog\/wp-content\/uploads\/2017\/03\/10155849_370710119737299_1891394581_n.jpg?fit=960%2C720\" data-orig-size=\"960,720\" data-comments-opened=\"0\" data-image-meta=\"{&quot;aperture&quot;:&quot;0&quot;,&quot;credit&quot;:&quot;&quot;,&quot;camera&quot;:&quot;&quot;,&quot;caption&quot;:&quot;&quot;,&quot;created_timestamp&quot;:&quot;0&quot;,&quot;copyright&quot;:&quot;&quot;,&quot;focal_length&quot;:&quot;0&quot;,&quot;iso&quot;:&quot;0&quot;,&quot;shutter_speed&quot;:&quot;0&quot;,&quot;title&quot;:&quot;&quot;,&quot;orientation&quot;:&quot;0&quot;}\" data-image-title=\"10155849_370710119737299_1891394581_n\" data-image-description=\"\" data-image-caption=\"\" data-medium-file=\"https:\/\/i0.wp.com\/manelmorral.cat\/blog\/wp-content\/uploads\/2017\/03\/10155849_370710119737299_1891394581_n.jpg?fit=300%2C225\" data-large-file=\"https:\/\/i0.wp.com\/manelmorral.cat\/blog\/wp-content\/uploads\/2017\/03\/10155849_370710119737299_1891394581_n.jpg?fit=960%2C720\" decoding=\"async\" loading=\"lazy\" class=\"alignleft wp-image-8919\" src=\"https:\/\/i0.wp.com\/manelmorral.cat\/blog\/wp-content\/uploads\/2017\/03\/10155849_370710119737299_1891394581_n.jpg?resize=279%2C209\" alt=\"\" width=\"279\" height=\"209\" srcset=\"https:\/\/i0.wp.com\/manelmorral.cat\/blog\/wp-content\/uploads\/2017\/03\/10155849_370710119737299_1891394581_n.jpg?resize=300%2C225 300w, https:\/\/i0.wp.com\/manelmorral.cat\/blog\/wp-content\/uploads\/2017\/03\/10155849_370710119737299_1891394581_n.jpg?resize=768%2C576 768w, https:\/\/i0.wp.com\/manelmorral.cat\/blog\/wp-content\/uploads\/2017\/03\/10155849_370710119737299_1891394581_n.jpg?w=960 960w\" sizes=\"(max-width: 279px) 100vw, 279px\" data-recalc-dims=\"1\" \/><\/a>Els anteiors:<\/p>\n<pre><span style=\"color: #0000ff;\"><a style=\"color: #0000ff;\" href=\"http:\/\/manelmorral.cat\/blog\/?p=7960\">I - N.F.S.<\/a><\/span>\r\n\r\n<span style=\"color: #0000ff;\"><a style=\"color: #0000ff;\" href=\"http:\/\/manelmorral.cat\/blog\/?p=8196\">II - N.F.S.<\/a><\/span>\r\n\r\n<span style=\"color: #0000ff;\"><a style=\"color: #0000ff;\" href=\"http:\/\/manelmorral.cat\/blog\/?p=8315\">III - N.F.S.<\/a><\/span>\r\n\r\n<span style=\"color: #0000ff;\"><a style=\"color: #0000ff;\" href=\"http:\/\/manelmorral.cat\/blog\/?p=8449\">IV - N.F.S.<\/a><\/span>\r\n\r\n<span style=\"color: #0000ff;\"><a style=\"color: #0000ff;\" href=\"http:\/\/manelmorral.cat\/blog\/?p=8480\">V - N.F.S.<\/a><\/span>\r\n\r\n<span style=\"color: #0000ff;\"><a style=\"color: #0000ff;\" href=\"http:\/\/manelmorral.cat\/blog\/?p=8552\">VI - N.F.S.<\/a><\/span>\r\n\r\n<span style=\"color: #0000ff;\"><a style=\"color: #0000ff;\" href=\"http:\/\/manelmorral.cat\/blog\/?p=8653\">VII - N.F.S.<\/a><\/span>\r\n\r\n<span style=\"color: #0000ff;\"><a style=\"color: #0000ff;\" href=\"http:\/\/manelmorral.cat\/blog\/?p=8749\">VIII - N.F.S.<\/a><\/span><\/pre>\n","protected":false},"excerpt":{"rendered":"<p>&nbsp; L\u2019octubre de 1981, amb motiu de la mort de la N\u00faria, l\u2019Agrupaci\u00f3 Hispana d\u2019Escriptors li va dedicar, \u00edntegre, el butllet\u00ed n\u00famero 27. En aquest butllet\u00ed trobem, entre d\u2019altres que parlen de la N\u00faria, l\u2019Albert Pera, professor de llengua catalana, escriptor d\u2019assaig, de biografies, per\u00f2 sobretot poeta, havent guanyat diversos guardons i publicat varis llibres [&hellip;]<\/p>\n","protected":false},"author":1,"featured_media":0,"comment_status":"open","ping_status":"closed","sticky":false,"template":"","format":"standard","meta":{"ngg_post_thumbnail":0,"jetpack_post_was_ever_published":false,"_jetpack_newsletter_access":"","_jetpack_newsletter_tier_id":0,"jetpack_publicize_message":"","jetpack_is_tweetstorm":false,"jetpack_publicize_feature_enabled":true,"jetpack_social_post_already_shared":false,"jetpack_social_options":{"image_generator_settings":{"template":"highway","enabled":false}}},"categories":[11],"tags":[],"jetpack_publicize_connections":[],"jetpack_featured_media_url":"","jetpack_sharing_enabled":true,"jetpack_shortlink":"https:\/\/wp.me\/p8PLxk-2iy","jetpack-related-posts":[{"id":8315,"url":"http:\/\/manelmorral.cat\/blog\/?p=8315","url_meta":{"origin":8838,"position":0},"title":"III  N\u00daRIA FLORENZA i SERRA","author":"admin","date":"30\/11\/2016","format":false,"excerpt":"Seguint amb la meva d\u00e8ria de publicitar els poemas de la\u00a0N\u00daRIA FLORENZA i SERRA per tal d'aconseguir que els seus sentiments arribin a tothom que\u00a0estimi\u00a0la poesia, avui cinc preciosos poemes m\u00e9s del seu llibre \u00a0\"N\u00daRIA, CLOENDA D'UN POEMA\".\u00a0 En el llibre apareixen en ordre invers de\u00a0quan va ser escrits, o\u2026","rel":"","context":"A &quot;Poesia&quot;","block_context":{"text":"Poesia","link":"http:\/\/manelmorral.cat\/blog\/?cat=11"},"img":{"alt_text":"","src":"","width":0,"height":0},"classes":[]},{"id":9111,"url":"http:\/\/manelmorral.cat\/blog\/?p=9111","url_meta":{"origin":8838,"position":1},"title":"ESPECIAL &#8220;TASTETS DE CULTURA&#8221; DEDICAT A N\u00daRIA FLORENZA i SERRA","author":"manel","date":"23\/05\/2017","format":false,"excerpt":"Tal com estava previst, el passat dissabte dia 20 es va emetre per Matar\u00f3 R\u00e0dio el programa \"Tastets de Cultura\" dedicat a N\u00daRIA FLORENZA i SERRA. Clicant en aquest enlla\u00e7 podreu accedir a l'audio del programa: 2017\/05\/20 - ESPECIAL \"TASTETS DE CULTURA\" DEDICAT A N\u00daRIA FLORENZA i SERRA ----------------------------------------------------- Farem\u00a0un\u2026","rel":"","context":"A &quot;Poesia&quot;","block_context":{"text":"Poesia","link":"http:\/\/manelmorral.cat\/blog\/?cat=11"},"img":{"alt_text":"","src":"","width":0,"height":0},"classes":[]},{"id":7960,"url":"http:\/\/manelmorral.cat\/blog\/?p=7960","url_meta":{"origin":8838,"position":2},"title":"N\u00daRIA FLORENZA i SERRA","author":"manel","date":"19\/10\/2016","format":false,"excerpt":"N\u00daRIA FLORENZA i SERRA va n\u00e9ixer a Matar\u00f3 el 31 d\u2019agost de 1935. Malauradament la mort se la va emportar prematura i dissortadament el 6 de setembre de 1981; ara ha fet 35 anys del seu trasp\u00e0s. Des de la seva petita parada d'ultramarins a la Pla\u00e7a de Cuba atenia\u2026","rel":"","context":"A &quot;Poesia&quot;","block_context":{"text":"Poesia","link":"http:\/\/manelmorral.cat\/blog\/?cat=11"},"img":{"alt_text":"nfs-ofrena-a-tothom","src":"https:\/\/i0.wp.com\/manelmorral.cat\/blog\/wp-content\/uploads\/2016\/10\/NFS-Ofrena-a-tothom-300x238.jpg?resize=350%2C200","width":350,"height":200},"classes":[]},{"id":9633,"url":"http:\/\/manelmorral.cat\/blog\/?p=9633","url_meta":{"origin":8838,"position":3},"title":"S\u00cdLVIA BEL recita a N\u00daRIA FLORENZA","author":"manel","date":"04\/11\/2017","format":false,"excerpt":"Ahir, 3 de novembre, vam celebrar a la BIBLIOTECA ANTONI COMAS de Matar\u00f3 un homenatge a la poetessa N\u00daRIA FLORENZA i SERRA (1935-1981) i al poeta i tamb\u00e9 escriptor ALBERT PERA i SEGURA llegint els seus poemes, escoltant les m\u00fasiques que agradaven a la N\u00daRIA i compartin viv\u00e8ncies amb REMEI\u2026","rel":"","context":"A &quot;Poesia&quot;","block_context":{"text":"Poesia","link":"http:\/\/manelmorral.cat\/blog\/?cat=11"},"img":{"alt_text":"","src":"https:\/\/i0.wp.com\/manelmorral.cat\/blog\/wp-content\/uploads\/2017\/11\/HOMENATGE-A-N\u00c3\u009aRIA-FLORENZA-i-SERRA-a-300x225.jpg?resize=350%2C200","width":350,"height":200},"classes":[]},{"id":9568,"url":"http:\/\/manelmorral.cat\/blog\/?p=9568","url_meta":{"origin":8838,"position":4},"title":"SEGON PROGRAMA DEDICAT A LA N\u00daRIA FLORENZA i SERRA","author":"manel","date":"18\/10\/2017","format":false,"excerpt":"Per segona vegada portem la poes\u00eda de la N\u00daRIA FLORENZA i SERRA a la r\u00e0dio: Enmig de tant desgavell que estem patint, ens anir\u00e0 b\u00e9 desconnectar uns minuts amb poesia i m\u00fasica. AQU\u00cd\u00a0\u00a0trobareu diverses entrades amb poesies seves i alguna pinzellada biogr\u00e0fique. Podeu recuperar el primer programa en aquest enlla\u00e7\u00a0TASTETS\u2026","rel":"","context":"A &quot;Tics, tocs i tacs del dia a dia&quot;","block_context":{"text":"Tics, tocs i tacs del dia a dia","link":"http:\/\/manelmorral.cat\/blog\/?cat=1"},"img":{"alt_text":"","src":"https:\/\/i0.wp.com\/manelmorral.cat\/blog\/wp-content\/uploads\/2017\/10\/CARTELL-N\u00c3\u009aRIA-FLORENZA-i-SERRA-21-octubre-2017-208x300.jpg?resize=350%2C200","width":350,"height":200},"classes":[]},{"id":8196,"url":"http:\/\/manelmorral.cat\/blog\/?p=8196","url_meta":{"origin":8838,"position":5},"title":"II N\u00daRIA FLORENZA i SERRA","author":"manel","date":"14\/11\/2016","format":false,"excerpt":"\u00a0 El 19 d'ctubre d'enguay vaig \"penjar\" un recordatori a\u00a0la N\u00daRIA FLORENZA i SERRA,\u00a0una poetessa an\u00f3nima de la que tinc la sort de posse\u00efr \u00a0un exemplar de l'\u00fanic llibre editat de la seva obra. Aquest llibre va ser publicat l'octubre de 1981 a t\u00edtol p\u00f2stum. Avui quatre\u00a0dels poemes que inicien\u2026","rel":"","context":"A &quot;Poesia&quot;","block_context":{"text":"Poesia","link":"http:\/\/manelmorral.cat\/blog\/?cat=11"},"img":{"alt_text":"","src":"https:\/\/i0.wp.com\/manelmorral.cat\/blog\/wp-content\/uploads\/2016\/10\/NFS-222x300.jpg?resize=350%2C200","width":350,"height":200},"classes":[]}],"_links":{"self":[{"href":"http:\/\/manelmorral.cat\/blog\/index.php?rest_route=\/wp\/v2\/posts\/8838"}],"collection":[{"href":"http:\/\/manelmorral.cat\/blog\/index.php?rest_route=\/wp\/v2\/posts"}],"about":[{"href":"http:\/\/manelmorral.cat\/blog\/index.php?rest_route=\/wp\/v2\/types\/post"}],"author":[{"embeddable":true,"href":"http:\/\/manelmorral.cat\/blog\/index.php?rest_route=\/wp\/v2\/users\/1"}],"replies":[{"embeddable":true,"href":"http:\/\/manelmorral.cat\/blog\/index.php?rest_route=%2Fwp%2Fv2%2Fcomments&post=8838"}],"version-history":[{"count":0,"href":"http:\/\/manelmorral.cat\/blog\/index.php?rest_route=\/wp\/v2\/posts\/8838\/revisions"}],"wp:attachment":[{"href":"http:\/\/manelmorral.cat\/blog\/index.php?rest_route=%2Fwp%2Fv2%2Fmedia&parent=8838"}],"wp:term":[{"taxonomy":"category","embeddable":true,"href":"http:\/\/manelmorral.cat\/blog\/index.php?rest_route=%2Fwp%2Fv2%2Fcategories&post=8838"},{"taxonomy":"post_tag","embeddable":true,"href":"http:\/\/manelmorral.cat\/blog\/index.php?rest_route=%2Fwp%2Fv2%2Ftags&post=8838"}],"curies":[{"name":"wp","href":"https:\/\/api.w.org\/{rel}","templated":true}]}}