{"id":9000,"date":"2017-04-23T05:23:42","date_gmt":"2017-04-23T05:23:42","guid":{"rendered":"http:\/\/manelmorral.cat\/blog\/?p=9000"},"modified":"2017-08-20T06:15:57","modified_gmt":"2017-08-20T06:15:57","slug":"la-nuria-florenza-i-la-diada-de-sant-jordi","status":"publish","type":"post","link":"http:\/\/manelmorral.cat\/blog\/?p=9000","title":{"rendered":"LA N\u00daRIA FLORENZA I LA DIADA DE SANT JORDI"},"content":{"rendered":"<p><a href=\"http:\/\/manelmorral.cat\/blog\/?attachment_id=9001\" rel=\"attachment wp-att-9001\"><img data-attachment-id=\"9001\" data-permalink=\"http:\/\/manelmorral.cat\/blog\/?attachment_id=9001\" data-orig-file=\"https:\/\/i0.wp.com\/manelmorral.cat\/blog\/wp-content\/uploads\/2017\/04\/SANT-JORDI.jpg?fit=681%2C235\" data-orig-size=\"681,235\" data-comments-opened=\"0\" data-image-meta=\"{&quot;aperture&quot;:&quot;0&quot;,&quot;credit&quot;:&quot;&quot;,&quot;camera&quot;:&quot;&quot;,&quot;caption&quot;:&quot;&quot;,&quot;created_timestamp&quot;:&quot;0&quot;,&quot;copyright&quot;:&quot;&quot;,&quot;focal_length&quot;:&quot;0&quot;,&quot;iso&quot;:&quot;0&quot;,&quot;shutter_speed&quot;:&quot;0&quot;,&quot;title&quot;:&quot;&quot;,&quot;orientation&quot;:&quot;0&quot;}\" data-image-title=\"SANT JORDI\" data-image-description=\"\" data-image-caption=\"\" data-medium-file=\"https:\/\/i0.wp.com\/manelmorral.cat\/blog\/wp-content\/uploads\/2017\/04\/SANT-JORDI.jpg?fit=300%2C104\" data-large-file=\"https:\/\/i0.wp.com\/manelmorral.cat\/blog\/wp-content\/uploads\/2017\/04\/SANT-JORDI.jpg?fit=681%2C235\" decoding=\"async\" loading=\"lazy\" class=\"aligncenter wp-image-9001\" src=\"https:\/\/i0.wp.com\/manelmorral.cat\/blog\/wp-content\/uploads\/2017\/04\/SANT-JORDI.jpg?resize=519%2C179\" alt=\"\" width=\"519\" height=\"179\" srcset=\"https:\/\/i0.wp.com\/manelmorral.cat\/blog\/wp-content\/uploads\/2017\/04\/SANT-JORDI.jpg?w=681 681w, https:\/\/i0.wp.com\/manelmorral.cat\/blog\/wp-content\/uploads\/2017\/04\/SANT-JORDI.jpg?resize=300%2C104 300w\" sizes=\"(max-width: 519px) 100vw, 519px\" data-recalc-dims=\"1\" \/><\/a><\/p>\n<p>La NURI tenia molt interioritzat el sentiment Catalanista, &nbsp;la diada de Sant Jordi, els llibres, les roses&#8230;&#8230;<\/p>\n<p>Aquest sentiment \u00e9s fa pal\u00e8s en algunes de les seves poesies:<\/p>\n<p><span style=\"color: #0000ff;\"><strong><a style=\"color: #0000ff;\" href=\"http:\/\/manelmorral.cat\/blog\/wp-content\/uploads\/2017\/04\/p.65-N.F.S.-SANT-JORDI-81.pdf\">SANT JORDI, 81<\/a><\/strong><\/span><\/p>\n<p><span style=\"color: #0000ff;\"><strong><a style=\"color: #0000ff;\" href=\"http:\/\/manelmorral.cat\/blog\/wp-content\/uploads\/2017\/04\/p.69-N.F.S.-ESB\u00d3S-DEL-DIA-DE-SANT-JORDI.pdf\">ESB\u00d3S DEL DIA DE SANT JORDI<\/a><\/strong><\/span><\/p>\n<p><span style=\"color: #0000ff;\"><strong><a style=\"color: #0000ff;\" href=\"http:\/\/manelmorral.cat\/blog\/wp-content\/uploads\/2017\/04\/p.89-N.F.S.-\u00c9S-SANT-JORDI.pdf\">\u00c9S SANT JORDI<\/a><\/strong><\/span><\/p>\n<p>&nbsp;<\/p>\n<p>&nbsp;<\/p>\n","protected":false},"excerpt":{"rendered":"<p>La NURI tenia molt interioritzat el sentiment Catalanista, &nbsp;la diada de Sant Jordi, els llibres, les roses&#8230;&#8230; Aquest sentiment \u00e9s fa pal\u00e8s en algunes de les seves poesies: SANT JORDI, 81 ESB\u00d3S DEL DIA DE SANT JORDI \u00c9S SANT JORDI &nbsp; &nbsp;<\/p>\n","protected":false},"author":2,"featured_media":0,"comment_status":"open","ping_status":"closed","sticky":false,"template":"","format":"standard","meta":{"ngg_post_thumbnail":0,"jetpack_post_was_ever_published":false,"_jetpack_newsletter_access":"","_jetpack_newsletter_tier_id":0,"jetpack_publicize_message":"","jetpack_is_tweetstorm":false,"jetpack_publicize_feature_enabled":true,"jetpack_social_post_already_shared":false,"jetpack_social_options":{"image_generator_settings":{"template":"highway","enabled":false}}},"categories":[11],"tags":[],"jetpack_publicize_connections":[],"jetpack_featured_media_url":"","jetpack_sharing_enabled":true,"jetpack_shortlink":"https:\/\/wp.me\/p8PLxk-2la","jetpack-related-posts":[{"id":736,"url":"http:\/\/manelmorral.cat\/blog\/?p=736","url_meta":{"origin":9000,"position":0},"title":"UN MATI AMB L&#8217;AULA DE &#8220;P5&#8221; A L&#8217;ESCOLA PIA DE SANTA ANNA MATAR\u00d3","author":"manel","date":"26\/04\/2010","format":false,"excerpt":"Dintre dels actes que organitza l\u2019escola Pia de Santa Anna cada any per la setmana de Sant Jordi, el dimarts, 20 d\u2019abril, vaig anar a l\u2019aula de P5 (ELS ESQUIROLS), a on va el meu net l\u2019Adri\u00e0, per explicar i dibuixar un conte. Ja \u00e9s el tercer any que participo\u2026","rel":"","context":"A &quot;Tics, tocs i tacs del dia a dia&quot;","block_context":{"text":"Tics, tocs i tacs del dia a dia","link":"http:\/\/manelmorral.cat\/blog\/?cat=1"},"img":{"alt_text":"","src":"","width":0,"height":0},"classes":[]},{"id":8994,"url":"http:\/\/manelmorral.cat\/blog\/?p=8994","url_meta":{"origin":9000,"position":1},"title":"SANT JORDI versi\u00f3 MANEL","author":"manel","date":"23\/04\/2017","format":false,"excerpt":"Glosa de la llegenda de\u00a0SANT JORDI \u00a0er\u00f3tico-sical\u00edptica-i-festivalera, si m\u00e9s no diferent, divertida i...\u00a0qui pot dir amb certesa que no va succeir com vaig dibuixar-ho ? Fa 19 anys d'aquest dibuix, per\u00f2 penso anar repetint-lo doncs segur que \u00e9s una visi\u00f3 for\u00e1 acertada, al meu parer, del que va passar entre\u2026","rel":"","context":"A &quot;Tics, tocs i tacs del dia a dia&quot;","block_context":{"text":"Tics, tocs i tacs del dia a dia","link":"http:\/\/manelmorral.cat\/blog\/?cat=1"},"img":{"alt_text":"","src":"https:\/\/i0.wp.com\/manelmorral.cat\/blog\/wp-content\/uploads\/2014\/04\/01-LA-VERITABLE-LLEGENDA-DE-SANT-JORDI-1998-278x300.jpg?resize=350%2C200","width":350,"height":200},"classes":[]},{"id":4634,"url":"http:\/\/manelmorral.cat\/blog\/?p=4634","url_meta":{"origin":9000,"position":2},"title":"AL JORDI SE LI ACUMULA LA FEINA","author":"manel","date":"23\/04\/2013","format":false,"excerpt":"Doncs si: \u00a0Al JORDI se li ha girat feina. \u00c9s una ll\u00e0stima que lo d'en JORDI sia tan sols una llegenda. Ara el necessitar\u00edem aqu\u00ed tallant colls a tort i a dret, fent rodar caps sense cap mena de pietat. .","rel":"","context":"A &quot;Al cap i a la fi, si s\u00f3n com s\u00f3n, \u00e9s m\u00e9s divertit riure'ns-en que lamentar-ho&quot;","block_context":{"text":"Al cap i a la fi, si s\u00f3n com s\u00f3n, \u00e9s m\u00e9s divertit riure'ns-en que lamentar-ho","link":"http:\/\/manelmorral.cat\/blog\/?cat=12"},"img":{"alt_text":"","src":"https:\/\/i0.wp.com\/manelmorral.cat\/blog\/wp-content\/uploads\/2013\/04\/SANT-JORDI-2013-004-300x205.jpg?resize=350%2C200","width":350,"height":200},"classes":[]},{"id":87,"url":"http:\/\/manelmorral.cat\/blog\/?p=87","url_meta":{"origin":9000,"position":3},"title":"LA VACA CEGA","author":"manel","date":"07\/02\/2010","format":false,"excerpt":"BENVINGUTS AL \"BLOG\" D'EN MANEL Per la diada de Sant Jordi de 2009 vaig dibuixar el poema d\u2019en Joan Maragall \u201cLA VACA CEGA\u201d ( http:\/\/ca.wikipedia.org\/wiki\/La_vaca_cega ) en quatre lamines, per explicar-lo als nens de P4 de l\u2019escola a on va el meu net. Vaig fer-ne grups de 4 lamines en\u2026","rel":"","context":"A &quot;Tics, tocs i tacs del dia a dia&quot;","block_context":{"text":"Tics, tocs i tacs del dia a dia","link":"http:\/\/manelmorral.cat\/blog\/?cat=1"},"img":{"alt_text":"","src":"","width":0,"height":0},"classes":[]},{"id":5975,"url":"http:\/\/manelmorral.cat\/blog\/?p=5975","url_meta":{"origin":9000,"position":4},"title":"JA TORNEM A SER-HI AMB LA PENYA DEL T.C.","author":"manel","date":"04\/11\/2014","format":false,"excerpt":"De nou els goss.. \u00a0els servents, lacais, etc. del T.C. han acatat a ulls clucs les ordres dels seus amos anul\u00b7lant per segona vegada el 9N intentant prohibir\u00a0el dret m\u00e9s elemental dels pobles: EJERCIR EL DRET A VOTAR. Han atacat directament Catalunya i els catalans. En el\u00a0govern de la naci\u00f3\u2026","rel":"","context":"A &quot;Al cap i a la fi, si s\u00f3n com s\u00f3n, \u00e9s m\u00e9s divertit riure'ns-en que lamentar-ho&quot;","block_context":{"text":"Al cap i a la fi, si s\u00f3n com s\u00f3n, \u00e9s m\u00e9s divertit riure'ns-en que lamentar-ho","link":"http:\/\/manelmorral.cat\/blog\/?cat=12"},"img":{"alt_text":"TC  BULLDOG   001","src":"https:\/\/i0.wp.com\/manelmorral.cat\/blog\/wp-content\/uploads\/2014\/11\/TC-BULLDOG-001-1024x494.jpg?resize=350%2C200","width":350,"height":200,"srcset":"https:\/\/i0.wp.com\/manelmorral.cat\/blog\/wp-content\/uploads\/2014\/11\/TC-BULLDOG-001-1024x494.jpg?resize=350%2C200 1x, https:\/\/i0.wp.com\/manelmorral.cat\/blog\/wp-content\/uploads\/2014\/11\/TC-BULLDOG-001-1024x494.jpg?resize=525%2C300 1.5x, https:\/\/i0.wp.com\/manelmorral.cat\/blog\/wp-content\/uploads\/2014\/11\/TC-BULLDOG-001-1024x494.jpg?resize=700%2C400 2x"},"classes":[]},{"id":4762,"url":"http:\/\/manelmorral.cat\/blog\/?p=4762","url_meta":{"origin":9000,"position":5},"title":"TORNA L&#8217;AMENA\u00c7A FANTASMA","author":"manel","date":"23\/05\/2013","format":false,"excerpt":". S'ACOSTEN TEMPS DE FOSCOR... TEMPS EN BLANC I NEGRE. Quan ens van dir que el pitjor de la crisi encara estava per arribar, no sab\u00edem que es referien a la tornada d'ASNAR. Aquest nefast homenet fa anys que ens la te jurada. Ens t\u00e9 entre cella i cella. No\u2026","rel":"","context":"A &quot;Al cap i a la fi, si s\u00f3n com s\u00f3n, \u00e9s m\u00e9s divertit riure'ns-en que lamentar-ho&quot;","block_context":{"text":"Al cap i a la fi, si s\u00f3n com s\u00f3n, \u00e9s m\u00e9s divertit riure'ns-en que lamentar-ho","link":"http:\/\/manelmorral.cat\/blog\/?cat=12"},"img":{"alt_text":"","src":"","width":0,"height":0},"classes":[]}],"_links":{"self":[{"href":"http:\/\/manelmorral.cat\/blog\/index.php?rest_route=\/wp\/v2\/posts\/9000"}],"collection":[{"href":"http:\/\/manelmorral.cat\/blog\/index.php?rest_route=\/wp\/v2\/posts"}],"about":[{"href":"http:\/\/manelmorral.cat\/blog\/index.php?rest_route=\/wp\/v2\/types\/post"}],"author":[{"embeddable":true,"href":"http:\/\/manelmorral.cat\/blog\/index.php?rest_route=\/wp\/v2\/users\/2"}],"replies":[{"embeddable":true,"href":"http:\/\/manelmorral.cat\/blog\/index.php?rest_route=%2Fwp%2Fv2%2Fcomments&post=9000"}],"version-history":[{"count":0,"href":"http:\/\/manelmorral.cat\/blog\/index.php?rest_route=\/wp\/v2\/posts\/9000\/revisions"}],"wp:attachment":[{"href":"http:\/\/manelmorral.cat\/blog\/index.php?rest_route=%2Fwp%2Fv2%2Fmedia&parent=9000"}],"wp:term":[{"taxonomy":"category","embeddable":true,"href":"http:\/\/manelmorral.cat\/blog\/index.php?rest_route=%2Fwp%2Fv2%2Fcategories&post=9000"},{"taxonomy":"post_tag","embeddable":true,"href":"http:\/\/manelmorral.cat\/blog\/index.php?rest_route=%2Fwp%2Fv2%2Ftags&post=9000"}],"curies":[{"name":"wp","href":"https:\/\/api.w.org\/{rel}","templated":true}]}}