{"id":9613,"date":"2017-11-03T06:41:59","date_gmt":"2017-11-03T06:41:59","guid":{"rendered":"http:\/\/manelmorral.cat\/blog\/?p=9613"},"modified":"2017-11-03T11:31:26","modified_gmt":"2017-11-03T11:31:26","slug":"nuria-florenza-i-albert-pera","status":"publish","type":"post","link":"http:\/\/manelmorral.cat\/blog\/?p=9613","title":{"rendered":"N\u00daRIA FLORENZA i ALBERT PERA&#8230;"},"content":{"rendered":"<p>&#8230; tot i la que est\u00e0 caient els farem l&#8217;homenatge que mereixen &#8230;<\/p>\n<p><a href=\"https:\/\/i0.wp.com\/manelmorral.cat\/blog\/wp-content\/uploads\/2017\/11\/000-CARTELL-NFS-i-APS-B.A.C-definitiu-pel-blog.jpg\"><img decoding=\"async\" loading=\"lazy\" class=\"aligncenter size-medium wp-image-9614\" src=\"https:\/\/i0.wp.com\/manelmorral.cat\/blog\/wp-content\/uploads\/2017\/11\/000-CARTELL-NFS-i-APS-B.A.C-definitiu-pel-blog-212x300.jpg?resize=212%2C300\" alt=\"\" width=\"212\" height=\"300\"  data-recalc-dims=\"1\"><\/a><\/p>\n<!-- index.php -->\n<div\n\tclass=\"ngg-galleryoverview\"\n\tid=\"ngg-gallery-185b017adadd3c82babca2d9d4e79d8f-1\">\n\n    \t\t<!-- Thumbnails -->\n\t\t\t\t<div id=\"ngg-image-0\" class=\"ngg-gallery-thumbnail-box\" >\n\t\t\t\t        <div class=\"ngg-gallery-thumbnail\">\n            <a href=\"http:\/\/manelmorral.cat\/blog\/wp-content\/gallery\/biblioteca-antoni-comas\/01.jpg\"\n               title=\"\"\n               data-src=\"http:\/\/manelmorral.cat\/blog\/wp-content\/gallery\/biblioteca-antoni-comas\/01.jpg\"\n               data-thumbnail=\"http:\/\/manelmorral.cat\/blog\/wp-content\/gallery\/biblioteca-antoni-comas\/thumbs\/thumbs_01.jpg\"\n               data-image-id=\"1903\"\n               data-title=\"01\"\n               data-description=\"\"\n               data-image-slug=\"01-2011\"\n               class=\"shutterset_185b017adadd3c82babca2d9d4e79d8f\">\n                <img\n                    title=\"01\"\n                    alt=\"01\"\n                    src=\"http:\/\/manelmorral.cat\/blog\/wp-content\/gallery\/biblioteca-antoni-comas\/thumbs\/thumbs_01.jpg\"\n                    width=\"100\"\n                    height=\"75\"\n                    style=\"max-width:100%;\"\n                \/>\n            <\/a>\n        <\/div>\n\t\t\t\t\t\t\t<\/div> \n\t\t\t\n        \n\t\t\t\t<div id=\"ngg-image-1\" class=\"ngg-gallery-thumbnail-box\" >\n\t\t\t\t        <div class=\"ngg-gallery-thumbnail\">\n            <a href=\"http:\/\/manelmorral.cat\/blog\/wp-content\/gallery\/biblioteca-antoni-comas\/02.jpg\"\n               title=\"\"\n               data-src=\"http:\/\/manelmorral.cat\/blog\/wp-content\/gallery\/biblioteca-antoni-comas\/02.jpg\"\n               data-thumbnail=\"http:\/\/manelmorral.cat\/blog\/wp-content\/gallery\/biblioteca-antoni-comas\/thumbs\/thumbs_02.jpg\"\n               data-image-id=\"1904\"\n               data-title=\"02\"\n               data-description=\"\"\n               data-image-slug=\"02-2011\"\n               class=\"shutterset_185b017adadd3c82babca2d9d4e79d8f\">\n                <img\n                    title=\"02\"\n                    alt=\"02\"\n                    src=\"http:\/\/manelmorral.cat\/blog\/wp-content\/gallery\/biblioteca-antoni-comas\/thumbs\/thumbs_02.jpg\"\n                    width=\"100\"\n                    height=\"75\"\n                    style=\"max-width:100%;\"\n                \/>\n            <\/a>\n        <\/div>\n\t\t\t\t\t\t\t<\/div> \n\t\t\t\n        \n\t\t\t\t<div id=\"ngg-image-2\" class=\"ngg-gallery-thumbnail-box\" >\n\t\t\t\t        <div class=\"ngg-gallery-thumbnail\">\n            <a href=\"http:\/\/manelmorral.cat\/blog\/wp-content\/gallery\/biblioteca-antoni-comas\/03.jpg\"\n               title=\"\"\n               data-src=\"http:\/\/manelmorral.cat\/blog\/wp-content\/gallery\/biblioteca-antoni-comas\/03.jpg\"\n               data-thumbnail=\"http:\/\/manelmorral.cat\/blog\/wp-content\/gallery\/biblioteca-antoni-comas\/thumbs\/thumbs_03.jpg\"\n               data-image-id=\"1905\"\n               data-title=\"03\"\n               data-description=\"\"\n               data-image-slug=\"03-24\"\n               class=\"shutterset_185b017adadd3c82babca2d9d4e79d8f\">\n                <img\n                    title=\"03\"\n                    alt=\"03\"\n                    src=\"http:\/\/manelmorral.cat\/blog\/wp-content\/gallery\/biblioteca-antoni-comas\/thumbs\/thumbs_03.jpg\"\n                    width=\"100\"\n                    height=\"75\"\n                    style=\"max-width:100%;\"\n                \/>\n            <\/a>\n        <\/div>\n\t\t\t\t\t\t\t<\/div> \n\t\t\t\n        \n\t\t\t\t<div id=\"ngg-image-3\" class=\"ngg-gallery-thumbnail-box\" >\n\t\t\t\t        <div class=\"ngg-gallery-thumbnail\">\n            <a href=\"http:\/\/manelmorral.cat\/blog\/wp-content\/gallery\/biblioteca-antoni-comas\/04.jpg\"\n               title=\"\"\n               data-src=\"http:\/\/manelmorral.cat\/blog\/wp-content\/gallery\/biblioteca-antoni-comas\/04.jpg\"\n               data-thumbnail=\"http:\/\/manelmorral.cat\/blog\/wp-content\/gallery\/biblioteca-antoni-comas\/thumbs\/thumbs_04.jpg\"\n               data-image-id=\"1906\"\n               data-title=\"04\"\n               data-description=\"\"\n               data-image-slug=\"04-2011\"\n               class=\"shutterset_185b017adadd3c82babca2d9d4e79d8f\">\n                <img\n                    title=\"04\"\n                    alt=\"04\"\n                    src=\"http:\/\/manelmorral.cat\/blog\/wp-content\/gallery\/biblioteca-antoni-comas\/thumbs\/thumbs_04.jpg\"\n                    width=\"100\"\n                    height=\"75\"\n                    style=\"max-width:100%;\"\n                \/>\n            <\/a>\n        <\/div>\n\t\t\t\t\t\t\t<\/div> \n\t\t\t\n        \n\t\t\n\t\t<!-- Pagination -->\n\t<div class='ngg-clear'><\/div>\t<\/div>\n\n<p><span style=\"color: #000000;\">Despr\u00e9s de valorar la possible suspensi\u00f3 de l&#8217;<\/span><span style=\"color: #000000;\">homenatge a N\u00daRIA FLORENZA i l\u2019ALBERT PERA per poder anar a les concentracions de rebuig a l&#8217;actuaci\u00f3 dels miserables que &#8220;governen&#8221;(?)&nbsp; espanya, creiem que no hem de permetre que els antidem\u00f2crates influeixin en tots els aspectes del nostre dia a dia, i menys quan es tracta d&#8217;actes per homenatjar als que van lluitar i encara lluiten&nbsp; clarament des del m\u00f3n social i cultural per preservar la nostra llengua i la nostra identitat nacional.<\/span><\/p>\n<p><span style=\"color: #000000;\">V\u00e9nen dies en qu\u00e8 es far\u00e0 necessari mobilitzar-nos una i mil vegades\u2026 i ho farem\u2026! I ANIREM A TOTES&#8230;!!! per\u00f2 primer, AVUI, homenatjarem la N\u00daRIA i l&#8217;ALBERT tal com estaba previst a les 7 de la tarda, a l&#8217;incomparable marc de la BIBLIOTECA ANTONI COMAS.<\/span><\/p>\n<p><span style=\"color: #000000;\">Llegirem els seus poemes; escoltarem les m\u00fasiques que els agradaven; l\u2019\u00c0via Remei ens parlar\u00e0 de la N\u00faria; tamb\u00e9 gaudirem d&#8217;una emotiva intervenci\u00f3 en la dist\u00e0ncia\u2026 en definitiva, passarem una estoneta tranquila\u2026 QUE MOLTA FALTA ENS FA !!!<\/span><\/p>\n<p><span style=\"color: #000000;\">La nostra protesta, doncs, ser\u00e0 fer l&#8217;acte previst en qu\u00e8 reafirmarem el nostre catalanisme i la m\u00e9s profunda protesta pel que estan fent-li al nostre petit, estimat i maltractat pa\u00eds i a la seva pac\u00edfica gent.<\/span><\/p>\n<p><a href=\"https:\/\/i0.wp.com\/manelmorral.cat\/blog\/wp-content\/uploads\/2017\/11\/llibertat-presos-politics.jpg\"><img data-attachment-id=\"9620\" data-permalink=\"http:\/\/manelmorral.cat\/blog\/?attachment_id=9620\" data-orig-file=\"https:\/\/i0.wp.com\/manelmorral.cat\/blog\/wp-content\/uploads\/2017\/11\/llibertat-presos-politics.jpg?fit=690%2C344\" data-orig-size=\"690,344\" data-comments-opened=\"0\" data-image-meta=\"{&quot;aperture&quot;:&quot;0&quot;,&quot;credit&quot;:&quot;&quot;,&quot;camera&quot;:&quot;&quot;,&quot;caption&quot;:&quot;&quot;,&quot;created_timestamp&quot;:&quot;0&quot;,&quot;copyright&quot;:&quot;&quot;,&quot;focal_length&quot;:&quot;0&quot;,&quot;iso&quot;:&quot;0&quot;,&quot;shutter_speed&quot;:&quot;0&quot;,&quot;title&quot;:&quot;&quot;,&quot;orientation&quot;:&quot;1&quot;}\" data-image-title=\"llibertat presos politics\" data-image-description=\"\" data-image-caption=\"\" data-medium-file=\"https:\/\/i0.wp.com\/manelmorral.cat\/blog\/wp-content\/uploads\/2017\/11\/llibertat-presos-politics.jpg?fit=300%2C150\" data-large-file=\"https:\/\/i0.wp.com\/manelmorral.cat\/blog\/wp-content\/uploads\/2017\/11\/llibertat-presos-politics.jpg?fit=690%2C344\" decoding=\"async\" loading=\"lazy\" class=\"aligncenter size-medium wp-image-9620\" src=\"https:\/\/i0.wp.com\/manelmorral.cat\/blog\/wp-content\/uploads\/2017\/11\/llibertat-presos-politics.jpg?resize=300%2C150\" alt=\"\" width=\"300\" height=\"150\" srcset=\"https:\/\/i0.wp.com\/manelmorral.cat\/blog\/wp-content\/uploads\/2017\/11\/llibertat-presos-politics.jpg?resize=300%2C150 300w, https:\/\/i0.wp.com\/manelmorral.cat\/blog\/wp-content\/uploads\/2017\/11\/llibertat-presos-politics.jpg?resize=560%2C279 560w, https:\/\/i0.wp.com\/manelmorral.cat\/blog\/wp-content\/uploads\/2017\/11\/llibertat-presos-politics.jpg?w=690 690w\" sizes=\"(max-width: 300px) 100vw, 300px\" data-recalc-dims=\"1\" \/><\/a><\/p>\n","protected":false},"excerpt":{"rendered":"<p>&#8230; tot i la que est\u00e0 caient els farem l&#8217;homenatge que mereixen &#8230; &#8221; order_by=&#8221;sortorder&#8221; order_direction=&#8221;ASC&#8221; returns=&#8221;included&#8221; maximum_entity_count=&#8221;500&#8243;] Despr\u00e9s de valorar la possible suspensi\u00f3 de l&#8217;homenatge a N\u00daRIA FLORENZA i l\u2019ALBERT PERA per poder anar a les concentracions de rebuig a l&#8217;actuaci\u00f3 dels miserables que &#8220;governen&#8221;(?)&nbsp; espanya, creiem que no hem de permetre que els [&hellip;]<\/p>\n","protected":false},"author":2,"featured_media":0,"comment_status":"open","ping_status":"closed","sticky":false,"template":"","format":"standard","meta":{"ngg_post_thumbnail":0,"jetpack_post_was_ever_published":false,"_jetpack_newsletter_access":"","_jetpack_newsletter_tier_id":0,"jetpack_publicize_message":"","jetpack_is_tweetstorm":false,"jetpack_publicize_feature_enabled":true,"jetpack_social_post_already_shared":true,"jetpack_social_options":{"image_generator_settings":{"template":"highway","enabled":false}}},"categories":[11],"tags":[],"jetpack_publicize_connections":[],"jetpack_featured_media_url":"","jetpack_sharing_enabled":true,"jetpack_shortlink":"https:\/\/wp.me\/p8PLxk-2v3","jetpack-related-posts":[{"id":9568,"url":"http:\/\/manelmorral.cat\/blog\/?p=9568","url_meta":{"origin":9613,"position":0},"title":"SEGON PROGRAMA DEDICAT A LA N\u00daRIA FLORENZA i SERRA","author":"manel","date":"18\/10\/2017","format":false,"excerpt":"Per segona vegada portem la poes\u00eda de la N\u00daRIA FLORENZA i SERRA a la r\u00e0dio: Enmig de tant desgavell que estem patint, ens anir\u00e0 b\u00e9 desconnectar uns minuts amb poesia i m\u00fasica. AQU\u00cd\u00a0\u00a0trobareu diverses entrades amb poesies seves i alguna pinzellada biogr\u00e0fique. Podeu recuperar el primer programa en aquest enlla\u00e7\u00a0TASTETS\u2026","rel":"","context":"A &quot;Tics, tocs i tacs del dia a dia&quot;","block_context":{"text":"Tics, tocs i tacs del dia a dia","link":"http:\/\/manelmorral.cat\/blog\/?cat=1"},"img":{"alt_text":"","src":"https:\/\/i0.wp.com\/manelmorral.cat\/blog\/wp-content\/uploads\/2017\/10\/CARTELL-N\u00c3\u009aRIA-FLORENZA-i-SERRA-21-octubre-2017-208x300.jpg?resize=350%2C200","width":350,"height":200},"classes":[]},{"id":9633,"url":"http:\/\/manelmorral.cat\/blog\/?p=9633","url_meta":{"origin":9613,"position":1},"title":"S\u00cdLVIA BEL recita a N\u00daRIA FLORENZA","author":"manel","date":"04\/11\/2017","format":false,"excerpt":"Ahir, 3 de novembre, vam celebrar a la BIBLIOTECA ANTONI COMAS de Matar\u00f3 un homenatge a la poetessa N\u00daRIA FLORENZA i SERRA (1935-1981) i al poeta i tamb\u00e9 escriptor ALBERT PERA i SEGURA llegint els seus poemes, escoltant les m\u00fasiques que agradaven a la N\u00daRIA i compartin viv\u00e8ncies amb REMEI\u2026","rel":"","context":"A &quot;Poesia&quot;","block_context":{"text":"Poesia","link":"http:\/\/manelmorral.cat\/blog\/?cat=11"},"img":{"alt_text":"","src":"https:\/\/i0.wp.com\/manelmorral.cat\/blog\/wp-content\/uploads\/2017\/11\/HOMENATGE-A-N\u00c3\u009aRIA-FLORENZA-i-SERRA-a-300x225.jpg?resize=350%2C200","width":350,"height":200},"classes":[]},{"id":8838,"url":"http:\/\/manelmorral.cat\/blog\/?p=8838","url_meta":{"origin":9613,"position":2},"title":"IX N\u00daRIA FLORENZA i SERRA","author":"admin","date":"19\/03\/2017","format":false,"excerpt":"\u00a0 L\u2019octubre de 1981, amb motiu de la mort de la N\u00faria, l\u2019Agrupaci\u00f3 Hispana d\u2019Escriptors li va dedicar, \u00edntegre, el butllet\u00ed n\u00famero 27. En aquest butllet\u00ed trobem, entre d\u2019altres que parlen de la N\u00faria, l\u2019Albert Pera, professor de llengua catalana, escriptor d\u2019assaig, de biografies, per\u00f2 sobretot poeta, havent guanyat diversos\u2026","rel":"","context":"A &quot;Poesia&quot;","block_context":{"text":"Poesia","link":"http:\/\/manelmorral.cat\/blog\/?cat=11"},"img":{"alt_text":"","src":"https:\/\/i0.wp.com\/manelmorral.cat\/blog\/wp-content\/uploads\/2017\/03\/10155849_370710119737299_1891394581_n-300x225.jpg?resize=350%2C200","width":350,"height":200},"classes":[]},{"id":8315,"url":"http:\/\/manelmorral.cat\/blog\/?p=8315","url_meta":{"origin":9613,"position":3},"title":"III  N\u00daRIA FLORENZA i SERRA","author":"admin","date":"30\/11\/2016","format":false,"excerpt":"Seguint amb la meva d\u00e8ria de publicitar els poemas de la\u00a0N\u00daRIA FLORENZA i SERRA per tal d'aconseguir que els seus sentiments arribin a tothom que\u00a0estimi\u00a0la poesia, avui cinc preciosos poemes m\u00e9s del seu llibre \u00a0\"N\u00daRIA, CLOENDA D'UN POEMA\".\u00a0 En el llibre apareixen en ordre invers de\u00a0quan va ser escrits, o\u2026","rel":"","context":"A &quot;Poesia&quot;","block_context":{"text":"Poesia","link":"http:\/\/manelmorral.cat\/blog\/?cat=11"},"img":{"alt_text":"","src":"","width":0,"height":0},"classes":[]},{"id":9111,"url":"http:\/\/manelmorral.cat\/blog\/?p=9111","url_meta":{"origin":9613,"position":4},"title":"ESPECIAL &#8220;TASTETS DE CULTURA&#8221; DEDICAT A N\u00daRIA FLORENZA i SERRA","author":"manel","date":"23\/05\/2017","format":false,"excerpt":"Tal com estava previst, el passat dissabte dia 20 es va emetre per Matar\u00f3 R\u00e0dio el programa \"Tastets de Cultura\" dedicat a N\u00daRIA FLORENZA i SERRA. Clicant en aquest enlla\u00e7 podreu accedir a l'audio del programa: 2017\/05\/20 - ESPECIAL \"TASTETS DE CULTURA\" DEDICAT A N\u00daRIA FLORENZA i SERRA ----------------------------------------------------- Farem\u00a0un\u2026","rel":"","context":"A &quot;Poesia&quot;","block_context":{"text":"Poesia","link":"http:\/\/manelmorral.cat\/blog\/?cat=11"},"img":{"alt_text":"","src":"","width":0,"height":0},"classes":[]},{"id":7960,"url":"http:\/\/manelmorral.cat\/blog\/?p=7960","url_meta":{"origin":9613,"position":5},"title":"N\u00daRIA FLORENZA i SERRA","author":"manel","date":"19\/10\/2016","format":false,"excerpt":"N\u00daRIA FLORENZA i SERRA va n\u00e9ixer a Matar\u00f3 el 31 d\u2019agost de 1935. Malauradament la mort se la va emportar prematura i dissortadament el 6 de setembre de 1981; ara ha fet 35 anys del seu trasp\u00e0s. Des de la seva petita parada d'ultramarins a la Pla\u00e7a de Cuba atenia\u2026","rel":"","context":"A &quot;Poesia&quot;","block_context":{"text":"Poesia","link":"http:\/\/manelmorral.cat\/blog\/?cat=11"},"img":{"alt_text":"nfs-ofrena-a-tothom","src":"https:\/\/i0.wp.com\/manelmorral.cat\/blog\/wp-content\/uploads\/2016\/10\/NFS-Ofrena-a-tothom-300x238.jpg?resize=350%2C200","width":350,"height":200},"classes":[]}],"_links":{"self":[{"href":"http:\/\/manelmorral.cat\/blog\/index.php?rest_route=\/wp\/v2\/posts\/9613"}],"collection":[{"href":"http:\/\/manelmorral.cat\/blog\/index.php?rest_route=\/wp\/v2\/posts"}],"about":[{"href":"http:\/\/manelmorral.cat\/blog\/index.php?rest_route=\/wp\/v2\/types\/post"}],"author":[{"embeddable":true,"href":"http:\/\/manelmorral.cat\/blog\/index.php?rest_route=\/wp\/v2\/users\/2"}],"replies":[{"embeddable":true,"href":"http:\/\/manelmorral.cat\/blog\/index.php?rest_route=%2Fwp%2Fv2%2Fcomments&post=9613"}],"version-history":[{"count":0,"href":"http:\/\/manelmorral.cat\/blog\/index.php?rest_route=\/wp\/v2\/posts\/9613\/revisions"}],"wp:attachment":[{"href":"http:\/\/manelmorral.cat\/blog\/index.php?rest_route=%2Fwp%2Fv2%2Fmedia&parent=9613"}],"wp:term":[{"taxonomy":"category","embeddable":true,"href":"http:\/\/manelmorral.cat\/blog\/index.php?rest_route=%2Fwp%2Fv2%2Fcategories&post=9613"},{"taxonomy":"post_tag","embeddable":true,"href":"http:\/\/manelmorral.cat\/blog\/index.php?rest_route=%2Fwp%2Fv2%2Ftags&post=9613"}],"curies":[{"name":"wp","href":"https:\/\/api.w.org\/{rel}","templated":true}]}}