{"id":9703,"date":"2017-12-02T15:05:53","date_gmt":"2017-12-02T15:05:53","guid":{"rendered":"http:\/\/manelmorral.cat\/blog\/?p=9703"},"modified":"2017-12-20T15:16:05","modified_gmt":"2017-12-20T15:16:05","slug":"fa-por-molta-por","status":"publish","type":"post","link":"http:\/\/manelmorral.cat\/blog\/?p=9703","title":{"rendered":"FA POR&#8230; MOLTA POR !!!"},"content":{"rendered":"<p><a href=\"https:\/\/i0.wp.com\/manelmorral.cat\/blog\/wp-content\/uploads\/2017\/12\/BRUIXA-ARRIMADAS.jpg\"><img data-attachment-id=\"9704\" data-permalink=\"http:\/\/manelmorral.cat\/blog\/?attachment_id=9704\" data-orig-file=\"https:\/\/i0.wp.com\/manelmorral.cat\/blog\/wp-content\/uploads\/2017\/12\/BRUIXA-ARRIMADAS.jpg?fit=844%2C1181\" data-orig-size=\"844,1181\" data-comments-opened=\"0\" data-image-meta=\"{&quot;aperture&quot;:&quot;0&quot;,&quot;credit&quot;:&quot;&quot;,&quot;camera&quot;:&quot;&quot;,&quot;caption&quot;:&quot;&quot;,&quot;created_timestamp&quot;:&quot;0&quot;,&quot;copyright&quot;:&quot;&quot;,&quot;focal_length&quot;:&quot;0&quot;,&quot;iso&quot;:&quot;0&quot;,&quot;shutter_speed&quot;:&quot;0&quot;,&quot;title&quot;:&quot;&quot;,&quot;orientation&quot;:&quot;1&quot;}\" data-image-title=\"BRUIXA ARRIMADAS\" data-image-description=\"\" data-image-caption=\"\" data-medium-file=\"https:\/\/i0.wp.com\/manelmorral.cat\/blog\/wp-content\/uploads\/2017\/12\/BRUIXA-ARRIMADAS.jpg?fit=214%2C300\" data-large-file=\"https:\/\/i0.wp.com\/manelmorral.cat\/blog\/wp-content\/uploads\/2017\/12\/BRUIXA-ARRIMADAS.jpg?fit=732%2C1024\" decoding=\"async\" loading=\"lazy\" class=\"aligncenter size-medium wp-image-9704\" src=\"https:\/\/i0.wp.com\/manelmorral.cat\/blog\/wp-content\/uploads\/2017\/12\/BRUIXA-ARRIMADAS.jpg?resize=214%2C300\" alt=\"\" width=\"214\" height=\"300\" srcset=\"https:\/\/i0.wp.com\/manelmorral.cat\/blog\/wp-content\/uploads\/2017\/12\/BRUIXA-ARRIMADAS.jpg?resize=214%2C300 214w, https:\/\/i0.wp.com\/manelmorral.cat\/blog\/wp-content\/uploads\/2017\/12\/BRUIXA-ARRIMADAS.jpg?resize=768%2C1075 768w, https:\/\/i0.wp.com\/manelmorral.cat\/blog\/wp-content\/uploads\/2017\/12\/BRUIXA-ARRIMADAS.jpg?resize=732%2C1024 732w, https:\/\/i0.wp.com\/manelmorral.cat\/blog\/wp-content\/uploads\/2017\/12\/BRUIXA-ARRIMADAS.jpg?resize=720%2C1007 720w, https:\/\/i0.wp.com\/manelmorral.cat\/blog\/wp-content\/uploads\/2017\/12\/BRUIXA-ARRIMADAS.jpg?resize=560%2C784 560w, https:\/\/i0.wp.com\/manelmorral.cat\/blog\/wp-content\/uploads\/2017\/12\/BRUIXA-ARRIMADAS.jpg?w=844 844w\" sizes=\"(max-width: 214px) 100vw, 214px\" data-recalc-dims=\"1\" \/><\/a><\/p>\n<p><span style=\"color: #000000;\">Va dient la Arrimadas:<\/span><br \/>\n<span style=\"color: #000000;\">\u201cSer\u00e9 la presidenta de tots els catalans\u2026\u201d<\/span><br \/>\n<span style=\"color: #000000;\">NNNOOOOOOOOO\u2026!!! QUIN HORROR\u2026!!!<\/span><\/p>\n<p><span style=\"color: #000000;\">Tranquils&#8230; que aquesta ximpleria no s\u2019acomplir\u00e0.<\/span><\/p>\n<div class=\"text_exposed_show\">\n<p><span style=\"color: #000000;\">Primer:<\/span><\/p>\n<p><span style=\"color: #000000;\">Perqu\u00e9 de ben segur que, com a m\u00ednim, els 2.044.038 vots partidaris del SI escrutats l\u20191 d\u2019octubre, no la volem veure ni en pintura\u2026 i segur que en serien molts m\u00e9s si no haguessin utilitzat la viol\u00e8ncia per impedir-ho.<\/span><\/p>\n<p><span style=\"color: #000000;\">Segon:<\/span><\/p>\n<p><span style=\"color: #000000;\">Nom\u00e9s aconseguiria presidir Catalunya fent us de les arts naturals de las que no dubto est\u00e0 dotada\u2026 o b\u00e9 mitjan\u00e7at una topinada que est\u00e1n preparats i disposats a fer els Peperos, PSC i C\u2019s. Per\u00f2 procurarem estar atents per evitar-ho i aconseguir que triomfi la democr\u00e0cia.<\/span><br \/>\n<span style=\"color: #000000;\">El 21D tothom a votar per fer hist\u00f2ria.<\/span><\/p>\n<\/div>\n","protected":false},"excerpt":{"rendered":"<p>Va dient la Arrimadas: \u201cSer\u00e9 la presidenta de tots els catalans\u2026\u201d NNNOOOOOOOOO\u2026!!! QUIN HORROR\u2026!!! Tranquils&#8230; que aquesta ximpleria no s\u2019acomplir\u00e0. Primer: Perqu\u00e9 de ben segur que, com a m\u00ednim, els 2.044.038 vots partidaris del SI escrutats l\u20191 d\u2019octubre, no la volem veure ni en pintura\u2026 i segur que en serien molts m\u00e9s si no haguessin [&hellip;]<\/p>\n","protected":false},"author":2,"featured_media":0,"comment_status":"open","ping_status":"closed","sticky":false,"template":"","format":"standard","meta":{"ngg_post_thumbnail":0,"jetpack_post_was_ever_published":false,"_jetpack_newsletter_access":"","_jetpack_newsletter_tier_id":0,"jetpack_publicize_message":"","jetpack_is_tweetstorm":false,"jetpack_publicize_feature_enabled":true,"jetpack_social_post_already_shared":true,"jetpack_social_options":{"image_generator_settings":{"template":"highway","enabled":false}}},"categories":[12,1],"tags":[],"jetpack_publicize_connections":[],"jetpack_featured_media_url":"","jetpack_sharing_enabled":true,"jetpack_shortlink":"https:\/\/wp.me\/p8PLxk-2wv","jetpack-related-posts":[{"id":6061,"url":"http:\/\/manelmorral.cat\/blog\/?p=6061","url_meta":{"origin":9703,"position":0},"title":"CARREGATS DE MALA LLET&#8230; NO PAREN!!!","author":"manel","date":"17\/11\/2014","format":false,"excerpt":"A les clavegueres, plenes de rates,\u00a0 hi va a parar la pitjor porqueria, la m\u00e9s pudent i fastigosa que generen les ciutats. Doncs sembla que a cal PEP\u00c9 passa el mateix. All\u00e0 i fan cap els pitjors pol\u00edtics del pa\u00eds. Els m\u00e9s corruptes, la esc\u00f2ria que destil\u00b7la odi per tot\u2026","rel":"","context":"A &quot;Al cap i a la fi, si s\u00f3n com s\u00f3n, \u00e9s m\u00e9s divertit riure'ns-en que lamentar-ho&quot;","block_context":{"text":"Al cap i a la fi, si s\u00f3n com s\u00f3n, \u00e9s m\u00e9s divertit riure'ns-en que lamentar-ho","link":"http:\/\/manelmorral.cat\/blog\/?cat=12"},"img":{"alt_text":"ALEJO  TORQUEMADA  001","src":"https:\/\/i0.wp.com\/manelmorral.cat\/blog\/wp-content\/uploads\/2014\/11\/ALEJO-TORQUEMADA-001-1024x667.jpg?resize=350%2C200","width":350,"height":200,"srcset":"https:\/\/i0.wp.com\/manelmorral.cat\/blog\/wp-content\/uploads\/2014\/11\/ALEJO-TORQUEMADA-001-1024x667.jpg?resize=350%2C200 1x, https:\/\/i0.wp.com\/manelmorral.cat\/blog\/wp-content\/uploads\/2014\/11\/ALEJO-TORQUEMADA-001-1024x667.jpg?resize=525%2C300 1.5x, https:\/\/i0.wp.com\/manelmorral.cat\/blog\/wp-content\/uploads\/2014\/11\/ALEJO-TORQUEMADA-001-1024x667.jpg?resize=700%2C400 2x"},"classes":[]},{"id":2459,"url":"http:\/\/manelmorral.cat\/blog\/?p=2459","url_meta":{"origin":9703,"position":1},"title":"ASNAR PINOTXO, MENTIDER IMPRESENTABLE","author":"manel","date":"31\/03\/2011","format":false,"excerpt":"Aquesta penya de peperos s'enfaden si els ridiculitzem, per\u00f2 el cert \u00e9s que no paren de donar motius. Ara ha estat l'Asnar, individu nefast e impresentable, que a la prepot\u00e8ncia que destil\u00b7la, afegeix el menyspreu absolut envers tots nosaltres, o aix\u00f2 \u00e9s el que sembla vistes les seves ultimes declaracions.\u2026","rel":"","context":"A &quot;Al cap i a la fi, si s\u00f3n com s\u00f3n, \u00e9s m\u00e9s divertit riure'ns-en que lamentar-ho&quot;","block_context":{"text":"Al cap i a la fi, si s\u00f3n com s\u00f3n, \u00e9s m\u00e9s divertit riure'ns-en que lamentar-ho","link":"http:\/\/manelmorral.cat\/blog\/?cat=12"},"img":{"alt_text":"","src":"https:\/\/i0.wp.com\/manelmorral.cat\/blog\/wp-content\/uploads\/2011\/03\/ASNAR-pinotxo-001-300x247.jpg?resize=350%2C200","width":350,"height":200},"classes":[]},{"id":7282,"url":"http:\/\/manelmorral.cat\/blog\/?p=7282","url_meta":{"origin":9703,"position":2},"title":"ELS REIS S\u00d3N COM ELS IPHONE\u2019s&#8230;","author":"manel","date":"26\/12\/2015","format":false,"excerpt":"Doncs s\u00ed... \u201cELS REIS S\u00d3N COM ELS IPHONE\u2019s... CADA NOVA VERSI\u00d3 SURT M\u00c9S CARA QUE L\u2019ANTERIOR I, A SOBRE, FUNCIONEN PITJOR\u201d. El rei dels espanyols, en Felip VI, ha pres partit en contra de la majoria catalana.\u00a0El seu discurs de Nadal \u201ca todos los espanyoles\u201d va ser un constant atac\u2026","rel":"","context":"A &quot;Al cap i a la fi, si s\u00f3n com s\u00f3n, \u00e9s m\u00e9s divertit riure'ns-en que lamentar-ho&quot;","block_context":{"text":"Al cap i a la fi, si s\u00f3n com s\u00f3n, \u00e9s m\u00e9s divertit riure'ns-en que lamentar-ho","link":"http:\/\/manelmorral.cat\/blog\/?cat=12"},"img":{"alt_text":"","src":"","width":0,"height":0},"classes":[]},{"id":9254,"url":"http:\/\/manelmorral.cat\/blog\/?p=9254","url_meta":{"origin":9703,"position":3},"title":"COM UN CORC QUE VA ROSSEGANT PER DINS\u2026","author":"manel","date":"28\/07\/2017","format":false,"excerpt":"\u2026 aix\u00ed \u00e9s l\u2019ICETA Algunes de les perles perpetrades per aquest individu els darrers dies s\u00f3n: Miquel Iceta amena\u00e7a als seus propis alcaldes si participen a l'1-O. El primer secretari del PSC alerta que els alcaldes socialistes podrien ser inhabilitats si participen en el refer\u00e9ndum. Iceta, ha desvelat els seus\u2026","rel":"","context":"A &quot;Al cap i a la fi, si s\u00f3n com s\u00f3n, \u00e9s m\u00e9s divertit riure'ns-en que lamentar-ho&quot;","block_context":{"text":"Al cap i a la fi, si s\u00f3n com s\u00f3n, \u00e9s m\u00e9s divertit riure'ns-en que lamentar-ho","link":"http:\/\/manelmorral.cat\/blog\/?cat=12"},"img":{"alt_text":"","src":"https:\/\/i0.wp.com\/manelmorral.cat\/blog\/wp-content\/uploads\/2017\/07\/Miquel-I.-1024x666.jpg?resize=350%2C200","width":350,"height":200,"srcset":"https:\/\/i0.wp.com\/manelmorral.cat\/blog\/wp-content\/uploads\/2017\/07\/Miquel-I.-1024x666.jpg?resize=350%2C200 1x, https:\/\/i0.wp.com\/manelmorral.cat\/blog\/wp-content\/uploads\/2017\/07\/Miquel-I.-1024x666.jpg?resize=525%2C300 1.5x, https:\/\/i0.wp.com\/manelmorral.cat\/blog\/wp-content\/uploads\/2017\/07\/Miquel-I.-1024x666.jpg?resize=700%2C400 2x"},"classes":[]},{"id":9553,"url":"http:\/\/manelmorral.cat\/blog\/?p=9553","url_meta":{"origin":9703,"position":4},"title":"PITJOR QUE UN ESCORP\u00cd","author":"manel","date":"14\/10\/2017","format":false,"excerpt":"De tota la penya d\u2019execrables que pul\u00b7lulen per la pol\u00edtica l\u2019Albert Rivera n\u2019\u00e9s un dels m\u00e9s dolents. \u00c9s un personatge p\u00e8rfid i maligne que quan l\u2019escolto (procuro no fer-ho per\u00f2 aquest migdia a la \u201ctele\u201d no he estat a temps de canviar de canal i l\u2019he patit uns segons) quan\u2026","rel":"","context":"A &quot;Tics, tocs i tacs del dia a dia&quot;","block_context":{"text":"Tics, tocs i tacs del dia a dia","link":"http:\/\/manelmorral.cat\/blog\/?cat=1"},"img":{"alt_text":"","src":"https:\/\/i0.wp.com\/manelmorral.cat\/blog\/wp-content\/uploads\/2017\/10\/ALBERT-RIVERA-300x296.jpg?resize=350%2C200","width":350,"height":200},"classes":[]},{"id":5207,"url":"http:\/\/manelmorral.cat\/blog\/?p=5207","url_meta":{"origin":9703,"position":5},"title":"ARA \u00c9S L\u2019HORA SEGADORS&#8230;","author":"manel","date":"13\/12\/2013","format":false,"excerpt":"AIX\u00d2 ELS FA POR, MOLTA POR: \u00a0 Per a ells les urnes son com els alls o la llum del sol per als vampirs... de fet son vampirs xucladors. ARA \u00c9S L'HORA. Ja s\u2019ha posat\u00a0fil a l\u2019agulla. Ara tots junts hem de guanyar la independ\u00e8ncia. Ha arribat l\u2019hora de caminar\u2026","rel":"","context":"A &quot;Tics, tocs i tacs del dia a dia&quot;","block_context":{"text":"Tics, tocs i tacs del dia a dia","link":"http:\/\/manelmorral.cat\/blog\/?cat=1"},"img":{"alt_text":"","src":"https:\/\/i0.wp.com\/manelmorral.cat\/blog\/wp-content\/uploads\/2013\/12\/URNA-M\u00c3\u0089S-VOT1-245x300.jpg?resize=350%2C200","width":350,"height":200},"classes":[]}],"_links":{"self":[{"href":"http:\/\/manelmorral.cat\/blog\/index.php?rest_route=\/wp\/v2\/posts\/9703"}],"collection":[{"href":"http:\/\/manelmorral.cat\/blog\/index.php?rest_route=\/wp\/v2\/posts"}],"about":[{"href":"http:\/\/manelmorral.cat\/blog\/index.php?rest_route=\/wp\/v2\/types\/post"}],"author":[{"embeddable":true,"href":"http:\/\/manelmorral.cat\/blog\/index.php?rest_route=\/wp\/v2\/users\/2"}],"replies":[{"embeddable":true,"href":"http:\/\/manelmorral.cat\/blog\/index.php?rest_route=%2Fwp%2Fv2%2Fcomments&post=9703"}],"version-history":[{"count":0,"href":"http:\/\/manelmorral.cat\/blog\/index.php?rest_route=\/wp\/v2\/posts\/9703\/revisions"}],"wp:attachment":[{"href":"http:\/\/manelmorral.cat\/blog\/index.php?rest_route=%2Fwp%2Fv2%2Fmedia&parent=9703"}],"wp:term":[{"taxonomy":"category","embeddable":true,"href":"http:\/\/manelmorral.cat\/blog\/index.php?rest_route=%2Fwp%2Fv2%2Fcategories&post=9703"},{"taxonomy":"post_tag","embeddable":true,"href":"http:\/\/manelmorral.cat\/blog\/index.php?rest_route=%2Fwp%2Fv2%2Ftags&post=9703"}],"curies":[{"name":"wp","href":"https:\/\/api.w.org\/{rel}","templated":true}]}}