{"id":9868,"date":"2018-03-11T22:24:12","date_gmt":"2018-03-11T22:24:12","guid":{"rendered":"http:\/\/manelmorral.cat\/blog\/?p=9868"},"modified":"2018-03-12T11:28:10","modified_gmt":"2018-03-12T11:28:10","slug":"trio-de-canyes-vidalba-a-sant-joan-de-sanata","status":"publish","type":"post","link":"http:\/\/manelmorral.cat\/blog\/?p=9868","title":{"rendered":"TRIO DE CANYES VIDALBA a SANT JOAN DE SANATA"},"content":{"rendered":"<p><span style=\"color: #000000;\">Bons int\u00e8rprets.<\/span><\/p>\n<p><span style=\"color: #000000;\">Bona m\u00fasica.<\/span><\/p>\n<p><span style=\"color: #000000;\">Ambien petit, intimista, acollidor\u2026<\/span><\/p>\n<p><span style=\"color: #000000;\">A la PARR\u00d2QUIA DE SANT JOAN DE SANATA<\/span><\/p>\n<p><span style=\"color: #000000;\">amb el:<\/span><\/p>\n<p><span style=\"color: #000000;\">TRIO DE CANYES VIDALBA<\/span><\/p>\n<p><span style=\"color: #000000;\">Un mat\u00ed de diumenge d\u2019all\u00f2 m\u00e9s gratificant; d\u2019aquells que carreguen piles per a for\u00e7a estona.<\/span><\/p>\n\n\n<div class=\"ngg-galleryoverview ngg-slideshow\"\n\t id=\"ngg-slideshow-5b76acba5dc1bc1f1ee3ce86203cc7dc-11423170320\"\n     data-gallery-id=\"5b76acba5dc1bc1f1ee3ce86203cc7dc\"\n     style=\"max-width: 640px; max-height: 480px;\">\n\n \t<div id=\"ngg-image-0\" class=\"ngg-gallery-slideshow-image\" style=\"height:480px\">\n\n        <a href=\"http:\/\/manelmorral.cat\/blog\/wp-content\/gallery\/trio-de-canyes-vidalva-sanata\/00.jpg\"\n           title=\"\"\n           data-src=\"http:\/\/manelmorral.cat\/blog\/wp-content\/gallery\/trio-de-canyes-vidalva-sanata\/00.jpg\"\n           data-thumbnail=\"http:\/\/manelmorral.cat\/blog\/wp-content\/gallery\/trio-de-canyes-vidalva-sanata\/thumbs\/thumbs_00.jpg\"\n           data-image-id=\"1907\"\n           data-title=\"00\"\n           data-description=\"\"\n           class=\"shutterset_5b76acba5dc1bc1f1ee3ce86203cc7dc\">\n\n            <img data-image-id='1907'\n                 title=\"\"\n                 alt=\"00\"\n                 src=\"http:\/\/manelmorral.cat\/blog\/wp-content\/gallery\/trio-de-canyes-vidalva-sanata\/00.jpg\"\n                 style=\"max-height: 460px;\"\/>\n        <\/a>\n\n        <\/div> \n<div id=\"ngg-image-1\" class=\"ngg-gallery-slideshow-image\" style=\"height:480px\">\n\n        <a href=\"http:\/\/manelmorral.cat\/blog\/wp-content\/gallery\/trio-de-canyes-vidalva-sanata\/01.jpg\"\n           title=\"\"\n           data-src=\"http:\/\/manelmorral.cat\/blog\/wp-content\/gallery\/trio-de-canyes-vidalva-sanata\/01.jpg\"\n           data-thumbnail=\"http:\/\/manelmorral.cat\/blog\/wp-content\/gallery\/trio-de-canyes-vidalva-sanata\/thumbs\/thumbs_01.jpg\"\n           data-image-id=\"1908\"\n           data-title=\"01\"\n           data-description=\"\"\n           class=\"shutterset_5b76acba5dc1bc1f1ee3ce86203cc7dc\">\n\n            <img data-image-id='1908'\n                 title=\"\"\n                 alt=\"01\"\n                 src=\"http:\/\/manelmorral.cat\/blog\/wp-content\/gallery\/trio-de-canyes-vidalva-sanata\/01.jpg\"\n                 style=\"max-height: 460px;\"\/>\n        <\/a>\n\n        <\/div> \n<div id=\"ngg-image-2\" class=\"ngg-gallery-slideshow-image\" style=\"height:480px\">\n\n        <a href=\"http:\/\/manelmorral.cat\/blog\/wp-content\/gallery\/trio-de-canyes-vidalva-sanata\/02.jpg\"\n           title=\"\"\n           data-src=\"http:\/\/manelmorral.cat\/blog\/wp-content\/gallery\/trio-de-canyes-vidalva-sanata\/02.jpg\"\n           data-thumbnail=\"http:\/\/manelmorral.cat\/blog\/wp-content\/gallery\/trio-de-canyes-vidalva-sanata\/thumbs\/thumbs_02.jpg\"\n           data-image-id=\"1909\"\n           data-title=\"02\"\n           data-description=\"\"\n           class=\"shutterset_5b76acba5dc1bc1f1ee3ce86203cc7dc\">\n\n            <img data-image-id='1909'\n                 title=\"\"\n                 alt=\"02\"\n                 src=\"http:\/\/manelmorral.cat\/blog\/wp-content\/gallery\/trio-de-canyes-vidalva-sanata\/02.jpg\"\n                 style=\"max-height: 460px;\"\/>\n        <\/a>\n\n        <\/div> \n<div id=\"ngg-image-3\" class=\"ngg-gallery-slideshow-image\" style=\"height:480px\">\n\n        <a href=\"http:\/\/manelmorral.cat\/blog\/wp-content\/gallery\/trio-de-canyes-vidalva-sanata\/03.jpg\"\n           title=\"\"\n           data-src=\"http:\/\/manelmorral.cat\/blog\/wp-content\/gallery\/trio-de-canyes-vidalva-sanata\/03.jpg\"\n           data-thumbnail=\"http:\/\/manelmorral.cat\/blog\/wp-content\/gallery\/trio-de-canyes-vidalva-sanata\/thumbs\/thumbs_03.jpg\"\n           data-image-id=\"1910\"\n           data-title=\"03\"\n           data-description=\"\"\n           class=\"shutterset_5b76acba5dc1bc1f1ee3ce86203cc7dc\">\n\n            <img data-image-id='1910'\n                 title=\"\"\n                 alt=\"03\"\n                 src=\"http:\/\/manelmorral.cat\/blog\/wp-content\/gallery\/trio-de-canyes-vidalva-sanata\/03.jpg\"\n                 style=\"max-height: 460px;\"\/>\n        <\/a>\n\n        <\/div> \n<div id=\"ngg-image-4\" class=\"ngg-gallery-slideshow-image\" style=\"height:480px\">\n\n        <a href=\"http:\/\/manelmorral.cat\/blog\/wp-content\/gallery\/trio-de-canyes-vidalva-sanata\/04.jpg\"\n           title=\"\"\n           data-src=\"http:\/\/manelmorral.cat\/blog\/wp-content\/gallery\/trio-de-canyes-vidalva-sanata\/04.jpg\"\n           data-thumbnail=\"http:\/\/manelmorral.cat\/blog\/wp-content\/gallery\/trio-de-canyes-vidalva-sanata\/thumbs\/thumbs_04.jpg\"\n           data-image-id=\"1911\"\n           data-title=\"04\"\n           data-description=\"\"\n           class=\"shutterset_5b76acba5dc1bc1f1ee3ce86203cc7dc\">\n\n            <img data-image-id='1911'\n                 title=\"\"\n                 alt=\"04\"\n                 src=\"http:\/\/manelmorral.cat\/blog\/wp-content\/gallery\/trio-de-canyes-vidalva-sanata\/04.jpg\"\n                 style=\"max-height: 460px;\"\/>\n        <\/a>\n\n        <\/div> \n<div id=\"ngg-image-5\" class=\"ngg-gallery-slideshow-image\" style=\"height:480px\">\n\n        <a href=\"http:\/\/manelmorral.cat\/blog\/wp-content\/gallery\/trio-de-canyes-vidalva-sanata\/IMG_4015-Copiar.JPG\"\n           title=\"\"\n           data-src=\"http:\/\/manelmorral.cat\/blog\/wp-content\/gallery\/trio-de-canyes-vidalva-sanata\/IMG_4015-Copiar.JPG\"\n           data-thumbnail=\"http:\/\/manelmorral.cat\/blog\/wp-content\/gallery\/trio-de-canyes-vidalva-sanata\/thumbs\/thumbs_IMG_4015-Copiar.JPG\"\n           data-image-id=\"1912\"\n           data-title=\"IMG_4015 (Copiar)\"\n           data-description=\"\"\n           class=\"shutterset_5b76acba5dc1bc1f1ee3ce86203cc7dc\">\n\n            <img data-image-id='1912'\n                 title=\"\"\n                 alt=\"IMG_4015 (Copiar)\"\n                 src=\"http:\/\/manelmorral.cat\/blog\/wp-content\/gallery\/trio-de-canyes-vidalva-sanata\/IMG_4015-Copiar.JPG\"\n                 style=\"max-height: 460px;\"\/>\n        <\/a>\n\n        <\/div> \n<div id=\"ngg-image-6\" class=\"ngg-gallery-slideshow-image\" style=\"height:480px\">\n\n        <a href=\"http:\/\/manelmorral.cat\/blog\/wp-content\/gallery\/trio-de-canyes-vidalva-sanata\/IMG_4016-Copiar.JPG\"\n           title=\"\"\n           data-src=\"http:\/\/manelmorral.cat\/blog\/wp-content\/gallery\/trio-de-canyes-vidalva-sanata\/IMG_4016-Copiar.JPG\"\n           data-thumbnail=\"http:\/\/manelmorral.cat\/blog\/wp-content\/gallery\/trio-de-canyes-vidalva-sanata\/thumbs\/thumbs_IMG_4016-Copiar.JPG\"\n           data-image-id=\"1913\"\n           data-title=\"IMG_4016 (Copiar)\"\n           data-description=\"\"\n           class=\"shutterset_5b76acba5dc1bc1f1ee3ce86203cc7dc\">\n\n            <img data-image-id='1913'\n                 title=\"\"\n                 alt=\"IMG_4016 (Copiar)\"\n                 src=\"http:\/\/manelmorral.cat\/blog\/wp-content\/gallery\/trio-de-canyes-vidalva-sanata\/IMG_4016-Copiar.JPG\"\n                 style=\"max-height: 460px;\"\/>\n        <\/a>\n\n        <\/div> \n<div id=\"ngg-image-7\" class=\"ngg-gallery-slideshow-image\" style=\"height:480px\">\n\n        <a href=\"http:\/\/manelmorral.cat\/blog\/wp-content\/gallery\/trio-de-canyes-vidalva-sanata\/IMG_4019-Copiar.JPG\"\n           title=\"\"\n           data-src=\"http:\/\/manelmorral.cat\/blog\/wp-content\/gallery\/trio-de-canyes-vidalva-sanata\/IMG_4019-Copiar.JPG\"\n           data-thumbnail=\"http:\/\/manelmorral.cat\/blog\/wp-content\/gallery\/trio-de-canyes-vidalva-sanata\/thumbs\/thumbs_IMG_4019-Copiar.JPG\"\n           data-image-id=\"1914\"\n           data-title=\"IMG_4019 (Copiar)\"\n           data-description=\"\"\n           class=\"shutterset_5b76acba5dc1bc1f1ee3ce86203cc7dc\">\n\n            <img data-image-id='1914'\n                 title=\"\"\n                 alt=\"IMG_4019 (Copiar)\"\n                 src=\"http:\/\/manelmorral.cat\/blog\/wp-content\/gallery\/trio-de-canyes-vidalva-sanata\/IMG_4019-Copiar.JPG\"\n                 style=\"max-height: 460px;\"\/>\n        <\/a>\n\n        <\/div> \n<div id=\"ngg-image-8\" class=\"ngg-gallery-slideshow-image\" style=\"height:480px\">\n\n        <a href=\"http:\/\/manelmorral.cat\/blog\/wp-content\/gallery\/trio-de-canyes-vidalva-sanata\/IMG_4022-Copiar.JPG\"\n           title=\"\"\n           data-src=\"http:\/\/manelmorral.cat\/blog\/wp-content\/gallery\/trio-de-canyes-vidalva-sanata\/IMG_4022-Copiar.JPG\"\n           data-thumbnail=\"http:\/\/manelmorral.cat\/blog\/wp-content\/gallery\/trio-de-canyes-vidalva-sanata\/thumbs\/thumbs_IMG_4022-Copiar.JPG\"\n           data-image-id=\"1915\"\n           data-title=\"IMG_4022 (Copiar)\"\n           data-description=\"\"\n           class=\"shutterset_5b76acba5dc1bc1f1ee3ce86203cc7dc\">\n\n            <img data-image-id='1915'\n                 title=\"\"\n                 alt=\"IMG_4022 (Copiar)\"\n                 src=\"http:\/\/manelmorral.cat\/blog\/wp-content\/gallery\/trio-de-canyes-vidalva-sanata\/IMG_4022-Copiar.JPG\"\n                 style=\"max-height: 460px;\"\/>\n        <\/a>\n\n        <\/div> \n<div id=\"ngg-image-9\" class=\"ngg-gallery-slideshow-image\" style=\"height:480px\">\n\n        <a href=\"http:\/\/manelmorral.cat\/blog\/wp-content\/gallery\/trio-de-canyes-vidalva-sanata\/IMG_4024-Copiar.JPG\"\n           title=\"\"\n           data-src=\"http:\/\/manelmorral.cat\/blog\/wp-content\/gallery\/trio-de-canyes-vidalva-sanata\/IMG_4024-Copiar.JPG\"\n           data-thumbnail=\"http:\/\/manelmorral.cat\/blog\/wp-content\/gallery\/trio-de-canyes-vidalva-sanata\/thumbs\/thumbs_IMG_4024-Copiar.JPG\"\n           data-image-id=\"1916\"\n           data-title=\"IMG_4024 (Copiar)\"\n           data-description=\"\"\n           class=\"shutterset_5b76acba5dc1bc1f1ee3ce86203cc7dc\">\n\n            <img data-image-id='1916'\n                 title=\"\"\n                 alt=\"IMG_4024 (Copiar)\"\n                 src=\"http:\/\/manelmorral.cat\/blog\/wp-content\/gallery\/trio-de-canyes-vidalva-sanata\/IMG_4024-Copiar.JPG\"\n                 style=\"max-height: 460px;\"\/>\n        <\/a>\n\n        <\/div> \n<div id=\"ngg-image-10\" class=\"ngg-gallery-slideshow-image\" style=\"height:480px\">\n\n        <a href=\"http:\/\/manelmorral.cat\/blog\/wp-content\/gallery\/trio-de-canyes-vidalva-sanata\/IMG_4025-Copiar.JPG\"\n           title=\"\"\n           data-src=\"http:\/\/manelmorral.cat\/blog\/wp-content\/gallery\/trio-de-canyes-vidalva-sanata\/IMG_4025-Copiar.JPG\"\n           data-thumbnail=\"http:\/\/manelmorral.cat\/blog\/wp-content\/gallery\/trio-de-canyes-vidalva-sanata\/thumbs\/thumbs_IMG_4025-Copiar.JPG\"\n           data-image-id=\"1917\"\n           data-title=\"IMG_4025 (Copiar)\"\n           data-description=\"\"\n           class=\"shutterset_5b76acba5dc1bc1f1ee3ce86203cc7dc\">\n\n            <img data-image-id='1917'\n                 title=\"\"\n                 alt=\"IMG_4025 (Copiar)\"\n                 src=\"http:\/\/manelmorral.cat\/blog\/wp-content\/gallery\/trio-de-canyes-vidalva-sanata\/IMG_4025-Copiar.JPG\"\n                 style=\"max-height: 460px;\"\/>\n        <\/a>\n\n        <\/div> \n<div id=\"ngg-image-11\" class=\"ngg-gallery-slideshow-image\" style=\"height:480px\">\n\n        <a href=\"http:\/\/manelmorral.cat\/blog\/wp-content\/gallery\/trio-de-canyes-vidalva-sanata\/IMG_4031-Copiar.JPG\"\n           title=\"\"\n           data-src=\"http:\/\/manelmorral.cat\/blog\/wp-content\/gallery\/trio-de-canyes-vidalva-sanata\/IMG_4031-Copiar.JPG\"\n           data-thumbnail=\"http:\/\/manelmorral.cat\/blog\/wp-content\/gallery\/trio-de-canyes-vidalva-sanata\/thumbs\/thumbs_IMG_4031-Copiar.JPG\"\n           data-image-id=\"1918\"\n           data-title=\"IMG_4031 (Copiar)\"\n           data-description=\"\"\n           class=\"shutterset_5b76acba5dc1bc1f1ee3ce86203cc7dc\">\n\n            <img data-image-id='1918'\n                 title=\"\"\n                 alt=\"IMG_4031 (Copiar)\"\n                 src=\"http:\/\/manelmorral.cat\/blog\/wp-content\/gallery\/trio-de-canyes-vidalva-sanata\/IMG_4031-Copiar.JPG\"\n                 style=\"max-height: 460px;\"\/>\n        <\/a>\n\n        <\/div> \n<div id=\"ngg-image-12\" class=\"ngg-gallery-slideshow-image\" style=\"height:480px\">\n\n        <a href=\"http:\/\/manelmorral.cat\/blog\/wp-content\/gallery\/trio-de-canyes-vidalva-sanata\/IMG_4034-Copiar.JPG\"\n           title=\"\"\n           data-src=\"http:\/\/manelmorral.cat\/blog\/wp-content\/gallery\/trio-de-canyes-vidalva-sanata\/IMG_4034-Copiar.JPG\"\n           data-thumbnail=\"http:\/\/manelmorral.cat\/blog\/wp-content\/gallery\/trio-de-canyes-vidalva-sanata\/thumbs\/thumbs_IMG_4034-Copiar.JPG\"\n           data-image-id=\"1919\"\n           data-title=\"IMG_4034 (Copiar)\"\n           data-description=\"\"\n           class=\"shutterset_5b76acba5dc1bc1f1ee3ce86203cc7dc\">\n\n            <img data-image-id='1919'\n                 title=\"\"\n                 alt=\"IMG_4034 (Copiar)\"\n                 src=\"http:\/\/manelmorral.cat\/blog\/wp-content\/gallery\/trio-de-canyes-vidalva-sanata\/IMG_4034-Copiar.JPG\"\n                 style=\"max-height: 460px;\"\/>\n        <\/a>\n\n        <\/div> \n<div id=\"ngg-image-13\" class=\"ngg-gallery-slideshow-image\" style=\"height:480px\">\n\n        <a href=\"http:\/\/manelmorral.cat\/blog\/wp-content\/gallery\/trio-de-canyes-vidalva-sanata\/IMG_4047-Copiar.JPG\"\n           title=\"\"\n           data-src=\"http:\/\/manelmorral.cat\/blog\/wp-content\/gallery\/trio-de-canyes-vidalva-sanata\/IMG_4047-Copiar.JPG\"\n           data-thumbnail=\"http:\/\/manelmorral.cat\/blog\/wp-content\/gallery\/trio-de-canyes-vidalva-sanata\/thumbs\/thumbs_IMG_4047-Copiar.JPG\"\n           data-image-id=\"1920\"\n           data-title=\"IMG_4047 (Copiar)\"\n           data-description=\"\"\n           class=\"shutterset_5b76acba5dc1bc1f1ee3ce86203cc7dc\">\n\n            <img data-image-id='1920'\n                 title=\"\"\n                 alt=\"IMG_4047 (Copiar)\"\n                 src=\"http:\/\/manelmorral.cat\/blog\/wp-content\/gallery\/trio-de-canyes-vidalva-sanata\/IMG_4047-Copiar.JPG\"\n                 style=\"max-height: 460px;\"\/>\n        <\/a>\n\n        <\/div> \n<div id=\"ngg-image-14\" class=\"ngg-gallery-slideshow-image\" style=\"height:480px\">\n\n        <a href=\"http:\/\/manelmorral.cat\/blog\/wp-content\/gallery\/trio-de-canyes-vidalva-sanata\/IMG_4051-Copiar.JPG\"\n           title=\"\"\n           data-src=\"http:\/\/manelmorral.cat\/blog\/wp-content\/gallery\/trio-de-canyes-vidalva-sanata\/IMG_4051-Copiar.JPG\"\n           data-thumbnail=\"http:\/\/manelmorral.cat\/blog\/wp-content\/gallery\/trio-de-canyes-vidalva-sanata\/thumbs\/thumbs_IMG_4051-Copiar.JPG\"\n           data-image-id=\"1921\"\n           data-title=\"IMG_4051 (Copiar)\"\n           data-description=\"\"\n           class=\"shutterset_5b76acba5dc1bc1f1ee3ce86203cc7dc\">\n\n            <img data-image-id='1921'\n                 title=\"\"\n                 alt=\"IMG_4051 (Copiar)\"\n                 src=\"http:\/\/manelmorral.cat\/blog\/wp-content\/gallery\/trio-de-canyes-vidalva-sanata\/IMG_4051-Copiar.JPG\"\n                 style=\"max-height: 460px;\"\/>\n        <\/a>\n\n        <\/div> \n<\/div>\n\n\n\t\t<!-- Thumbnails Link -->\n\t<div class=\"slideshowlink\" style=\"max-width: 640px;\">\n        <a href='http:\/\/manelmorral.cat\/blog\/index.php\/nggallery\/thumbnails?p=9868'>&#091;Show picture list&#093;<\/a>\n\t<\/div>\n\n\n<p><span style=\"color: #000000;\">Aqu\u00ed podre escoltar un petit tast de la m\u00fasica que avui hem gaudit a Sanata:<\/span><\/p>\n<p><span class=\"embed-youtube\" style=\"text-align:center; display: block;\"><iframe loading=\"lazy\" class=\"youtube-player\" width=\"640\" height=\"360\" src=\"https:\/\/www.youtube.com\/embed\/Bwz1syc3GJc?version=3&#038;rel=1&#038;showsearch=0&#038;showinfo=1&#038;iv_load_policy=1&#038;fs=1&#038;hl=ca&#038;autohide=2&#038;wmode=transparent\" allowfullscreen=\"true\" style=\"border:0;\" sandbox=\"allow-scripts allow-same-origin allow-popups allow-presentation\"><\/iframe><\/span><\/p>\n<p><span class=\"embed-youtube\" style=\"text-align:center; display: block;\"><iframe loading=\"lazy\" class=\"youtube-player\" width=\"640\" height=\"360\" src=\"https:\/\/www.youtube.com\/embed\/pCSkLvJOBEo?version=3&#038;rel=1&#038;showsearch=0&#038;showinfo=1&#038;iv_load_policy=1&#038;fs=1&#038;hl=ca&#038;autohide=2&#038;wmode=transparent\" allowfullscreen=\"true\" style=\"border:0;\" sandbox=\"allow-scripts allow-same-origin allow-popups allow-presentation\"><\/iframe><\/span><\/p>\n<p><span class=\"embed-youtube\" style=\"text-align:center; display: block;\"><iframe loading=\"lazy\" class=\"youtube-player\" width=\"640\" height=\"360\" src=\"https:\/\/www.youtube.com\/embed\/-if8n6l9bgo?version=3&#038;rel=1&#038;showsearch=0&#038;showinfo=1&#038;iv_load_policy=1&#038;fs=1&#038;hl=ca&#038;autohide=2&#038;wmode=transparent\" allowfullscreen=\"true\" style=\"border:0;\" sandbox=\"allow-scripts allow-same-origin allow-popups allow-presentation\"><\/iframe><\/span><\/p>\n<p><span class=\"embed-youtube\" style=\"text-align:center; display: block;\"><iframe loading=\"lazy\" class=\"youtube-player\" width=\"640\" height=\"360\" src=\"https:\/\/www.youtube.com\/embed\/tQMtfkG4mg0?version=3&#038;rel=1&#038;showsearch=0&#038;showinfo=1&#038;iv_load_policy=1&#038;fs=1&#038;hl=ca&#038;autohide=2&#038;wmode=transparent\" allowfullscreen=\"true\" style=\"border:0;\" sandbox=\"allow-scripts allow-same-origin allow-popups allow-presentation\"><\/iframe><\/span><\/p>\n<p><a href=\"https:\/\/i0.wp.com\/manelmorral.cat\/blog\/wp-content\/uploads\/2018\/03\/CONCERTA-A-SANATA-1.jpg\"><img data-attachment-id=\"9873\" data-permalink=\"http:\/\/manelmorral.cat\/blog\/?attachment_id=9873\" data-orig-file=\"https:\/\/i0.wp.com\/manelmorral.cat\/blog\/wp-content\/uploads\/2018\/03\/CONCERTA-A-SANATA-1.jpg?fit=820%2C818\" data-orig-size=\"820,818\" data-comments-opened=\"0\" data-image-meta=\"{&quot;aperture&quot;:&quot;0&quot;,&quot;credit&quot;:&quot;&quot;,&quot;camera&quot;:&quot;&quot;,&quot;caption&quot;:&quot;&quot;,&quot;created_timestamp&quot;:&quot;0&quot;,&quot;copyright&quot;:&quot;&quot;,&quot;focal_length&quot;:&quot;0&quot;,&quot;iso&quot;:&quot;0&quot;,&quot;shutter_speed&quot;:&quot;0&quot;,&quot;title&quot;:&quot;&quot;,&quot;orientation&quot;:&quot;0&quot;}\" data-image-title=\"CONCERTA A SANATA 1\" data-image-description=\"\" data-image-caption=\"\" data-medium-file=\"https:\/\/i0.wp.com\/manelmorral.cat\/blog\/wp-content\/uploads\/2018\/03\/CONCERTA-A-SANATA-1.jpg?fit=300%2C300\" data-large-file=\"https:\/\/i0.wp.com\/manelmorral.cat\/blog\/wp-content\/uploads\/2018\/03\/CONCERTA-A-SANATA-1.jpg?fit=820%2C818\" decoding=\"async\" loading=\"lazy\" class=\"aligncenter size-medium wp-image-9873\" src=\"https:\/\/i0.wp.com\/manelmorral.cat\/blog\/wp-content\/uploads\/2018\/03\/CONCERTA-A-SANATA-1.jpg?resize=300%2C300\" alt=\"\" width=\"300\" height=\"300\" srcset=\"https:\/\/i0.wp.com\/manelmorral.cat\/blog\/wp-content\/uploads\/2018\/03\/CONCERTA-A-SANATA-1.jpg?resize=300%2C300 300w, https:\/\/i0.wp.com\/manelmorral.cat\/blog\/wp-content\/uploads\/2018\/03\/CONCERTA-A-SANATA-1.jpg?resize=150%2C150 150w, https:\/\/i0.wp.com\/manelmorral.cat\/blog\/wp-content\/uploads\/2018\/03\/CONCERTA-A-SANATA-1.jpg?resize=768%2C766 768w, https:\/\/i0.wp.com\/manelmorral.cat\/blog\/wp-content\/uploads\/2018\/03\/CONCERTA-A-SANATA-1.jpg?w=820 820w\" sizes=\"(max-width: 300px) 100vw, 300px\" data-recalc-dims=\"1\" \/><\/a><\/p>\n<p><a href=\"https:\/\/i0.wp.com\/manelmorral.cat\/blog\/wp-content\/uploads\/2018\/03\/CONCERT-A-SANATA-2.jpg\"><img data-attachment-id=\"9875\" data-permalink=\"http:\/\/manelmorral.cat\/blog\/?attachment_id=9875\" data-orig-file=\"https:\/\/i0.wp.com\/manelmorral.cat\/blog\/wp-content\/uploads\/2018\/03\/CONCERT-A-SANATA-2.jpg?fit=820%2C818\" data-orig-size=\"820,818\" data-comments-opened=\"0\" data-image-meta=\"{&quot;aperture&quot;:&quot;0&quot;,&quot;credit&quot;:&quot;&quot;,&quot;camera&quot;:&quot;&quot;,&quot;caption&quot;:&quot;&quot;,&quot;created_timestamp&quot;:&quot;0&quot;,&quot;copyright&quot;:&quot;&quot;,&quot;focal_length&quot;:&quot;0&quot;,&quot;iso&quot;:&quot;0&quot;,&quot;shutter_speed&quot;:&quot;0&quot;,&quot;title&quot;:&quot;&quot;,&quot;orientation&quot;:&quot;0&quot;}\" data-image-title=\"CONCERT A SANATA 2\" data-image-description=\"\" data-image-caption=\"\" data-medium-file=\"https:\/\/i0.wp.com\/manelmorral.cat\/blog\/wp-content\/uploads\/2018\/03\/CONCERT-A-SANATA-2.jpg?fit=300%2C300\" data-large-file=\"https:\/\/i0.wp.com\/manelmorral.cat\/blog\/wp-content\/uploads\/2018\/03\/CONCERT-A-SANATA-2.jpg?fit=820%2C818\" decoding=\"async\" loading=\"lazy\" class=\"aligncenter size-medium wp-image-9875\" src=\"https:\/\/i0.wp.com\/manelmorral.cat\/blog\/wp-content\/uploads\/2018\/03\/CONCERT-A-SANATA-2.jpg?resize=300%2C300\" alt=\"\" width=\"300\" height=\"300\" srcset=\"https:\/\/i0.wp.com\/manelmorral.cat\/blog\/wp-content\/uploads\/2018\/03\/CONCERT-A-SANATA-2.jpg?resize=300%2C300 300w, https:\/\/i0.wp.com\/manelmorral.cat\/blog\/wp-content\/uploads\/2018\/03\/CONCERT-A-SANATA-2.jpg?resize=150%2C150 150w, https:\/\/i0.wp.com\/manelmorral.cat\/blog\/wp-content\/uploads\/2018\/03\/CONCERT-A-SANATA-2.jpg?resize=768%2C766 768w, https:\/\/i0.wp.com\/manelmorral.cat\/blog\/wp-content\/uploads\/2018\/03\/CONCERT-A-SANATA-2.jpg?w=820 820w\" sizes=\"(max-width: 300px) 100vw, 300px\" data-recalc-dims=\"1\" \/><\/a><\/p>\n","protected":false},"excerpt":{"rendered":"<p>Bons int\u00e8rprets. Bona m\u00fasica. Ambien petit, intimista, acollidor\u2026 A la PARR\u00d2QUIA DE SANT JOAN DE SANATA amb el: TRIO DE CANYES VIDALBA Un mat\u00ed de diumenge d\u2019all\u00f2 m\u00e9s gratificant; d\u2019aquells que carreguen piles per a for\u00e7a estona. &#8221; order_by=&#8221;sortorder&#8221; order_direction=&#8221;ASC&#8221; returns=&#8221;included&#8221; maximum_entity_count=&#8221;500&#8243;] Aqu\u00ed podre escoltar un petit tast de la m\u00fasica que avui hem gaudit [&hellip;]<\/p>\n","protected":false},"author":2,"featured_media":0,"comment_status":"open","ping_status":"closed","sticky":false,"template":"","format":"standard","meta":{"ngg_post_thumbnail":0,"jetpack_post_was_ever_published":false,"_jetpack_newsletter_access":"","_jetpack_newsletter_tier_id":0,"jetpack_publicize_message":"","jetpack_is_tweetstorm":false,"jetpack_publicize_feature_enabled":true,"jetpack_social_post_already_shared":true,"jetpack_social_options":{"image_generator_settings":{"template":"highway","enabled":false}}},"categories":[1],"tags":[],"jetpack_publicize_connections":[],"jetpack_featured_media_url":"","jetpack_sharing_enabled":true,"jetpack_shortlink":"https:\/\/wp.me\/p8PLxk-2za","jetpack-related-posts":[{"id":9758,"url":"http:\/\/manelmorral.cat\/blog\/?p=9758","url_meta":{"origin":9868,"position":0},"title":"20\u00e8 CICLE DE CONCERTS DE SANATA A CAN BORDOI","author":"manel","date":"29\/01\/2018","format":false,"excerpt":"Per si us abelleix escoltar-los, aqu\u00ed teniu els enlla\u00e7os que he \"penjat\" de quatre fragments musicals que ahir vam poder gaudir: https:\/\/youtu.be\/hmQAQn5igc0 Ha estat el primer dels concerts del: 20\u00e8 CICLE DE CONCERTS DE SANATA (A la PALLISSA DE CAN BORDOI) Amb el programa: INTEGRAL DE TRIOS PER A PIANO,\u2026","rel":"","context":"A &quot;Tics, tocs i tacs del dia a dia&quot;","block_context":{"text":"Tics, tocs i tacs del dia a dia","link":"http:\/\/manelmorral.cat\/blog\/?cat=1"},"img":{"alt_text":"","src":"https:\/\/i0.wp.com\/img.youtube.com\/vi\/hmQAQn5igc0\/0.jpg?resize=350%2C200","width":350,"height":200},"classes":[]},{"id":6136,"url":"http:\/\/manelmorral.cat\/blog\/?p=6136","url_meta":{"origin":9868,"position":1},"title":"SANT SALVADOR DE LES ESPASES    27 NOVEMBRE 2014","author":"manel","date":"27\/11\/2014","format":false,"excerpt":"Tot acumulant joventuts, avui he anat a celebrar-ho fent una passejada pujant\u00a0a un cim petit, molt petit, del nostre petit, estimat i maltractat pa\u00eds. He fet cap a Olesa de Montserrat i, despr\u00e9s d'aparcar al Balneari de la Puda, m'he enfilat a poc a poquet fins arribar a SANT SALVADOR\u2026","rel":"","context":"A &quot;Caminades&quot;","block_context":{"text":"Caminades","link":"http:\/\/manelmorral.cat\/blog\/?cat=15"},"img":{"alt_text":"","src":"","width":0,"height":0},"classes":[]},{"id":87,"url":"http:\/\/manelmorral.cat\/blog\/?p=87","url_meta":{"origin":9868,"position":2},"title":"LA VACA CEGA","author":"manel","date":"07\/02\/2010","format":false,"excerpt":"BENVINGUTS AL \"BLOG\" D'EN MANEL Per la diada de Sant Jordi de 2009 vaig dibuixar el poema d\u2019en Joan Maragall \u201cLA VACA CEGA\u201d ( http:\/\/ca.wikipedia.org\/wiki\/La_vaca_cega ) en quatre lamines, per explicar-lo als nens de P4 de l\u2019escola a on va el meu net. Vaig fer-ne grups de 4 lamines en\u2026","rel":"","context":"A &quot;Tics, tocs i tacs del dia a dia&quot;","block_context":{"text":"Tics, tocs i tacs del dia a dia","link":"http:\/\/manelmorral.cat\/blog\/?cat=1"},"img":{"alt_text":"","src":"","width":0,"height":0},"classes":[]},{"id":8478,"url":"http:\/\/manelmorral.cat\/blog\/?p=8478","url_meta":{"origin":9868,"position":3},"title":"EL VERGONYANT COST DE LA FAMILIA BORB\u00d2NICA","author":"manel","date":"21\/12\/2016","format":false,"excerpt":"\u00a0 El 18 de novembre de 2013, Canal Plus Fran\u00e7a va emetre un documental sobre la fam\u00edlia reial espanyola sota el t\u00edtol \"Joan Carles, le\u00a0Crepuscule d'un roi\" (\"Joan Carles, el crepuscle d'un rei\"). Aquest reportatge va ser censurat en els mitjans de difusi\u00f3 estatals. No obstant aix\u00f2, es troba\u00a0a l'abast\u2026","rel":"","context":"A &quot;Al cap i a la fi, si s\u00f3n com s\u00f3n, \u00e9s m\u00e9s divertit riure'ns-en que lamentar-ho&quot;","block_context":{"text":"Al cap i a la fi, si s\u00f3n com s\u00f3n, \u00e9s m\u00e9s divertit riure'ns-en que lamentar-ho","link":"http:\/\/manelmorral.cat\/blog\/?cat=12"},"img":{"alt_text":"","src":"https:\/\/i0.wp.com\/manelmorral.cat\/blog\/wp-content\/uploads\/2012\/01\/ELS-BORBONS-UN-POU-SENSE-FONS-150x150.jpg?resize=350%2C200","width":350,"height":200},"classes":[]},{"id":7947,"url":"http:\/\/manelmorral.cat\/blog\/?p=7947","url_meta":{"origin":9868,"position":4},"title":"TASTES DE CULTURA","author":"manel","date":"17\/10\/2016","format":false,"excerpt":"Aqu\u00ed teniu el \"podcast\" del programa \"TASTETS DE CULTURA\" del dissabte 15 d'octubre, per si us vaga d'escoltar-lo mentre esteu ocupats en altres afers,\u00a0doncs la r\u00e0dio ens acompanya mentre estem immersos en d'altres q\u00fcestions. Va sonant en tant nosaltres estem dedicats a les nostres coses. TASTETS DE CULTURA - dissabte\u2026","rel":"","context":"A &quot;Poesia&quot;","block_context":{"text":"Poesia","link":"http:\/\/manelmorral.cat\/blog\/?cat=11"},"img":{"alt_text":"","src":"https:\/\/i0.wp.com\/manelmorral.cat\/blog\/wp-content\/uploads\/2016\/10\/TASTES-DE-CULTURA-300x225.jpg?resize=350%2C200","width":350,"height":200},"classes":[]},{"id":5318,"url":"http:\/\/manelmorral.cat\/blog\/?p=5318","url_meta":{"origin":9868,"position":5},"title":"JOAN GUASCH &#8220;No vam lluitar per aquesta democr\u00e0cia&#8221;","author":"manel","date":"11\/02\/2014","format":false,"excerpt":"El passat dia 8 de febrer vaig tenir el privilegi d\u2019assistir a la presentaci\u00f3 del llibre d\u2019ASSUMPTA MONTELL\u00c0: 115 Dies a l\u2019Ebre -El sacrifici de la Lleva del Biber\u00f3- La presentaci\u00f3 \u00e9s va fer en el que resta en peu de l\u2019esgl\u00e9sia del poble vell de CORBERA D\u2019EBRE. Per\u00f2 abans,\u2026","rel":"","context":"A &quot;Tics, tocs i tacs del dia a dia&quot;","block_context":{"text":"Tics, tocs i tacs del dia a dia","link":"http:\/\/manelmorral.cat\/blog\/?cat=1"},"img":{"alt_text":"","src":"","width":0,"height":0},"classes":[]}],"_links":{"self":[{"href":"http:\/\/manelmorral.cat\/blog\/index.php?rest_route=\/wp\/v2\/posts\/9868"}],"collection":[{"href":"http:\/\/manelmorral.cat\/blog\/index.php?rest_route=\/wp\/v2\/posts"}],"about":[{"href":"http:\/\/manelmorral.cat\/blog\/index.php?rest_route=\/wp\/v2\/types\/post"}],"author":[{"embeddable":true,"href":"http:\/\/manelmorral.cat\/blog\/index.php?rest_route=\/wp\/v2\/users\/2"}],"replies":[{"embeddable":true,"href":"http:\/\/manelmorral.cat\/blog\/index.php?rest_route=%2Fwp%2Fv2%2Fcomments&post=9868"}],"version-history":[{"count":0,"href":"http:\/\/manelmorral.cat\/blog\/index.php?rest_route=\/wp\/v2\/posts\/9868\/revisions"}],"wp:attachment":[{"href":"http:\/\/manelmorral.cat\/blog\/index.php?rest_route=%2Fwp%2Fv2%2Fmedia&parent=9868"}],"wp:term":[{"taxonomy":"category","embeddable":true,"href":"http:\/\/manelmorral.cat\/blog\/index.php?rest_route=%2Fwp%2Fv2%2Fcategories&post=9868"},{"taxonomy":"post_tag","embeddable":true,"href":"http:\/\/manelmorral.cat\/blog\/index.php?rest_route=%2Fwp%2Fv2%2Ftags&post=9868"}],"curies":[{"name":"wp","href":"https:\/\/api.w.org\/{rel}","templated":true}]}}