{"id":9997,"date":"2018-06-05T09:35:00","date_gmt":"2018-06-05T09:35:00","guid":{"rendered":"http:\/\/manelmorral.cat\/blog\/?p=9997"},"modified":"2018-06-05T09:35:00","modified_gmt":"2018-06-05T09:35:00","slug":"res-ha-canviat-tot-segueix-igual","status":"publish","type":"post","link":"http:\/\/manelmorral.cat\/blog\/?p=9997","title":{"rendered":"RES HA CANVIAT&#8230; TOT SEGUEIX IGUAL"},"content":{"rendered":"<p>Al nomenament perpetrat per S\u00e1nchez de l\u2019ignomini\u00f3s Borrell com a ministre d\u2019exteriors, ara tamb\u00e9 es perfila com a \u201cministrable\u201d o, si m\u00e9s no, com a \u201chome fort del govern d\u2019Espanya a Catalunya\u201d l\u2019inclit Iceta\u2026 vaja &#8230; el nou virrei.<br \/>\nCoions, anem de mal en pitjor \u00a1\u00a1\u00a1<\/p>\n<p>Aix\u00ed he vist jo aquests darrers anys el buf\u00f3 de la cort; i ara aquest paio, que \u00e9s ven a qui millor paga, tindr\u00e0 poder per &#8220;remenar les cireres&#8221; al dictat dels seus amos espanyols.<\/p>\n<!-- index.php -->\n<div\n\tclass=\"ngg-galleryoverview\"\n\tid=\"ngg-gallery-5ca8c2883bd4d0b76103317f8bbb003f-1\">\n\n    \t\t<!-- Thumbnails -->\n\t\t\t\t<div id=\"ngg-image-0\" class=\"ngg-gallery-thumbnail-box\" >\n\t\t\t\t        <div class=\"ngg-gallery-thumbnail\">\n            <a href=\"http:\/\/manelmorral.cat\/blog\/wp-content\/gallery\/el-nou-virrei\/082.jpg\"\n               title=\"\"\n               data-src=\"http:\/\/manelmorral.cat\/blog\/wp-content\/gallery\/el-nou-virrei\/082.jpg\"\n               data-thumbnail=\"http:\/\/manelmorral.cat\/blog\/wp-content\/gallery\/el-nou-virrei\/thumbs\/thumbs_082.jpg\"\n               data-image-id=\"1929\"\n               data-title=\"082\"\n               data-description=\"\"\n               data-image-slug=\"082-1\"\n               class=\"shutterset_5ca8c2883bd4d0b76103317f8bbb003f\">\n                <img\n                    title=\"082\"\n                    alt=\"082\"\n                    src=\"http:\/\/manelmorral.cat\/blog\/wp-content\/gallery\/el-nou-virrei\/thumbs\/thumbs_082.jpg\"\n                    width=\"100\"\n                    height=\"75\"\n                    style=\"max-width:100%;\"\n                \/>\n            <\/a>\n        <\/div>\n\t\t\t\t\t\t\t<\/div> \n\t\t\t\n        \n\t\t\t\t<div id=\"ngg-image-1\" class=\"ngg-gallery-thumbnail-box\" >\n\t\t\t\t        <div class=\"ngg-gallery-thumbnail\">\n            <a href=\"http:\/\/manelmorral.cat\/blog\/wp-content\/gallery\/el-nou-virrei\/083.jpg\"\n               title=\"\"\n               data-src=\"http:\/\/manelmorral.cat\/blog\/wp-content\/gallery\/el-nou-virrei\/083.jpg\"\n               data-thumbnail=\"http:\/\/manelmorral.cat\/blog\/wp-content\/gallery\/el-nou-virrei\/thumbs\/thumbs_083.jpg\"\n               data-image-id=\"1930\"\n               data-title=\"083\"\n               data-description=\"\"\n               data-image-slug=\"083-1\"\n               class=\"shutterset_5ca8c2883bd4d0b76103317f8bbb003f\">\n                <img\n                    title=\"083\"\n                    alt=\"083\"\n                    src=\"http:\/\/manelmorral.cat\/blog\/wp-content\/gallery\/el-nou-virrei\/thumbs\/thumbs_083.jpg\"\n                    width=\"100\"\n                    height=\"75\"\n                    style=\"max-width:100%;\"\n                \/>\n            <\/a>\n        <\/div>\n\t\t\t\t\t\t\t<\/div> \n\t\t\t\n        \n\t\t\t\t<div id=\"ngg-image-2\" class=\"ngg-gallery-thumbnail-box\" >\n\t\t\t\t        <div class=\"ngg-gallery-thumbnail\">\n            <a href=\"http:\/\/manelmorral.cat\/blog\/wp-content\/gallery\/el-nou-virrei\/COM-ES-POT-SER-TAN-MISERABLE.jpg\"\n               title=\"\"\n               data-src=\"http:\/\/manelmorral.cat\/blog\/wp-content\/gallery\/el-nou-virrei\/COM-ES-POT-SER-TAN-MISERABLE.jpg\"\n               data-thumbnail=\"http:\/\/manelmorral.cat\/blog\/wp-content\/gallery\/el-nou-virrei\/thumbs\/thumbs_COM-ES-POT-SER-TAN-MISERABLE.jpg\"\n               data-image-id=\"1931\"\n               data-title=\"COM ES POT SER TAN MISERABLE\"\n               data-description=\"\"\n               data-image-slug=\"com-es-pot-ser-tan-miserable\"\n               class=\"shutterset_5ca8c2883bd4d0b76103317f8bbb003f\">\n                <img\n                    title=\"COM ES POT SER TAN MISERABLE\"\n                    alt=\"COM ES POT SER TAN MISERABLE\"\n                    src=\"http:\/\/manelmorral.cat\/blog\/wp-content\/gallery\/el-nou-virrei\/thumbs\/thumbs_COM-ES-POT-SER-TAN-MISERABLE.jpg\"\n                    width=\"100\"\n                    height=\"75\"\n                    style=\"max-width:100%;\"\n                \/>\n            <\/a>\n        <\/div>\n\t\t\t\t\t\t\t<\/div> \n\t\t\t\n        \n\t\t\t\t<div id=\"ngg-image-3\" class=\"ngg-gallery-thumbnail-box\" >\n\t\t\t\t        <div class=\"ngg-gallery-thumbnail\">\n            <a href=\"http:\/\/manelmorral.cat\/blog\/wp-content\/gallery\/el-nou-virrei\/GAMAR%C3%9AS-2.jpg\"\n               title=\"\"\n               data-src=\"http:\/\/manelmorral.cat\/blog\/wp-content\/gallery\/el-nou-virrei\/GAMAR%C3%9AS-2.jpg\"\n               data-thumbnail=\"http:\/\/manelmorral.cat\/blog\/wp-content\/gallery\/el-nou-virrei\/thumbs\/thumbs_GAMAR%C3%9AS-2.jpg\"\n               data-image-id=\"1932\"\n               data-title=\"GAMAR\u00daS 2\"\n               data-description=\"\"\n               data-image-slug=\"gamar%c3%bas-2\"\n               class=\"shutterset_5ca8c2883bd4d0b76103317f8bbb003f\">\n                <img\n                    title=\"GAMAR\u00daS 2\"\n                    alt=\"GAMAR\u00daS 2\"\n                    src=\"http:\/\/manelmorral.cat\/blog\/wp-content\/gallery\/el-nou-virrei\/thumbs\/thumbs_GAMAR%C3%9AS-2.jpg\"\n                    width=\"100\"\n                    height=\"75\"\n                    style=\"max-width:100%;\"\n                \/>\n            <\/a>\n        <\/div>\n\t\t\t\t\t\t\t<\/div> \n\t\t\t\n        \n\t\t\t\t<div id=\"ngg-image-4\" class=\"ngg-gallery-thumbnail-box\" >\n\t\t\t\t        <div class=\"ngg-gallery-thumbnail\">\n            <a href=\"http:\/\/manelmorral.cat\/blog\/wp-content\/gallery\/el-nou-virrei\/ICETUS-VOLTORIS.jpg\"\n               title=\"\"\n               data-src=\"http:\/\/manelmorral.cat\/blog\/wp-content\/gallery\/el-nou-virrei\/ICETUS-VOLTORIS.jpg\"\n               data-thumbnail=\"http:\/\/manelmorral.cat\/blog\/wp-content\/gallery\/el-nou-virrei\/thumbs\/thumbs_ICETUS-VOLTORIS.jpg\"\n               data-image-id=\"1933\"\n               data-title=\"ICETUS VOLTORIS\"\n               data-description=\"\"\n               data-image-slug=\"icetus-voltoris\"\n               class=\"shutterset_5ca8c2883bd4d0b76103317f8bbb003f\">\n                <img\n                    title=\"ICETUS VOLTORIS\"\n                    alt=\"ICETUS VOLTORIS\"\n                    src=\"http:\/\/manelmorral.cat\/blog\/wp-content\/gallery\/el-nou-virrei\/thumbs\/thumbs_ICETUS-VOLTORIS.jpg\"\n                    width=\"100\"\n                    height=\"75\"\n                    style=\"max-width:100%;\"\n                \/>\n            <\/a>\n        <\/div>\n\t\t\t\t\t\t\t<\/div> \n\t\t\t\n        \n\t\t\t\t<div id=\"ngg-image-5\" class=\"ngg-gallery-thumbnail-box\" >\n\t\t\t\t        <div class=\"ngg-gallery-thumbnail\">\n            <a href=\"http:\/\/manelmorral.cat\/blog\/wp-content\/gallery\/el-nou-virrei\/LA-JUST%C3%8DCIA-EUROPEA-A-PUNT-DACTUAR.jpg\"\n               title=\"\"\n               data-src=\"http:\/\/manelmorral.cat\/blog\/wp-content\/gallery\/el-nou-virrei\/LA-JUST%C3%8DCIA-EUROPEA-A-PUNT-DACTUAR.jpg\"\n               data-thumbnail=\"http:\/\/manelmorral.cat\/blog\/wp-content\/gallery\/el-nou-virrei\/thumbs\/thumbs_LA-JUST%C3%8DCIA-EUROPEA-A-PUNT-DACTUAR.jpg\"\n               data-image-id=\"1934\"\n               data-title=\"LA JUST\u00cdCIA EUROPEA A PUNT D&#039;ACTUAR\"\n               data-description=\"\"\n               data-image-slug=\"la-just%c3%adcia-europea-a-punt-dactuar\"\n               class=\"shutterset_5ca8c2883bd4d0b76103317f8bbb003f\">\n                <img\n                    title=\"LA JUST\u00cdCIA EUROPEA A PUNT D&#039;ACTUAR\"\n                    alt=\"LA JUST\u00cdCIA EUROPEA A PUNT D&#039;ACTUAR\"\n                    src=\"http:\/\/manelmorral.cat\/blog\/wp-content\/gallery\/el-nou-virrei\/thumbs\/thumbs_LA-JUST%C3%8DCIA-EUROPEA-A-PUNT-DACTUAR.jpg\"\n                    width=\"100\"\n                    height=\"75\"\n                    style=\"max-width:100%;\"\n                \/>\n            <\/a>\n        <\/div>\n\t\t\t\t\t\t\t<\/div> \n\t\t\t\n        \n\t\t\t\t<div id=\"ngg-image-6\" class=\"ngg-gallery-thumbnail-box\" >\n\t\t\t\t        <div class=\"ngg-gallery-thumbnail\">\n            <a href=\"http:\/\/manelmorral.cat\/blog\/wp-content\/gallery\/el-nou-virrei\/TITELLES.jpg\"\n               title=\"\"\n               data-src=\"http:\/\/manelmorral.cat\/blog\/wp-content\/gallery\/el-nou-virrei\/TITELLES.jpg\"\n               data-thumbnail=\"http:\/\/manelmorral.cat\/blog\/wp-content\/gallery\/el-nou-virrei\/thumbs\/thumbs_TITELLES.jpg\"\n               data-image-id=\"1935\"\n               data-title=\"TITELLES\"\n               data-description=\"\"\n               data-image-slug=\"titelles\"\n               class=\"shutterset_5ca8c2883bd4d0b76103317f8bbb003f\">\n                <img\n                    title=\"TITELLES\"\n                    alt=\"TITELLES\"\n                    src=\"http:\/\/manelmorral.cat\/blog\/wp-content\/gallery\/el-nou-virrei\/thumbs\/thumbs_TITELLES.jpg\"\n                    width=\"100\"\n                    height=\"75\"\n                    style=\"max-width:100%;\"\n                \/>\n            <\/a>\n        <\/div>\n\t\t\t\t\t\t\t<\/div> \n\t\t\t\n        \n\t\t\n\t\t<!-- Pagination -->\n\t<div class='ngg-clear'><\/div>\t<\/div>\n\n","protected":false},"excerpt":{"rendered":"<p>Al nomenament perpetrat per S\u00e1nchez de l\u2019ignomini\u00f3s Borrell com a ministre d\u2019exteriors, ara tamb\u00e9 es perfila com a \u201cministrable\u201d o, si m\u00e9s no, com a \u201chome fort del govern d\u2019Espanya a Catalunya\u201d l\u2019inclit Iceta\u2026 vaja &#8230; el nou virrei. Coions, anem de mal en pitjor \u00a1\u00a1\u00a1 Aix\u00ed he vist jo aquests darrers anys el buf\u00f3 [&hellip;]<\/p>\n","protected":false},"author":2,"featured_media":0,"comment_status":"closed","ping_status":"closed","sticky":false,"template":"","format":"standard","meta":{"ngg_post_thumbnail":0,"jetpack_post_was_ever_published":false,"_jetpack_newsletter_access":"","_jetpack_newsletter_tier_id":0,"jetpack_publicize_message":"","jetpack_is_tweetstorm":false,"jetpack_publicize_feature_enabled":true,"jetpack_social_post_already_shared":true,"jetpack_social_options":{"image_generator_settings":{"template":"highway","enabled":false}}},"categories":[1],"tags":[],"jetpack_publicize_connections":[],"jetpack_featured_media_url":"","jetpack_sharing_enabled":true,"jetpack_shortlink":"https:\/\/wp.me\/p8PLxk-2Bf","jetpack-related-posts":[{"id":7338,"url":"http:\/\/manelmorral.cat\/blog\/?p=7338","url_meta":{"origin":9997,"position":0},"title":"+ CUP","author":"manel","date":"30\/12\/2015","format":false,"excerpt":"Amics, no us perdeu aquesta carta. Es un mega-zasca a la boca de les CUP. Es un xic llarga per\u00f2, es un zasca al darrera de l'altre que t'atrapa en la lectura: https:\/\/groups.google.com\/forum\/#!msg\/catala-sempre\/hW7qx52dTN0\/iN7IL_sMDAAJ La carta l'escriu \u00a0Francesc Xavier Hern\u00e1ndez Cardona\u00a0(Barcelona, 1954) \u00e9s un historiador catal\u00e0, catedr\u00e0tic de Did\u00e0ctica de les\u2026","rel":"","context":"A &quot;Al cap i a la fi, si s\u00f3n com s\u00f3n, \u00e9s m\u00e9s divertit riure'ns-en que lamentar-ho&quot;","block_context":{"text":"Al cap i a la fi, si s\u00f3n com s\u00f3n, \u00e9s m\u00e9s divertit riure'ns-en que lamentar-ho","link":"http:\/\/manelmorral.cat\/blog\/?cat=12"},"img":{"alt_text":"","src":"https:\/\/i0.wp.com\/manelmorral.cat\/blog\/wp-content\/uploads\/2015\/12\/VULL-VIURE-EN-UN-PAIS-LLIURE-300x300.jpg?resize=350%2C200","width":350,"height":200},"classes":[]},{"id":5207,"url":"http:\/\/manelmorral.cat\/blog\/?p=5207","url_meta":{"origin":9997,"position":1},"title":"ARA \u00c9S L\u2019HORA SEGADORS&#8230;","author":"manel","date":"13\/12\/2013","format":false,"excerpt":"AIX\u00d2 ELS FA POR, MOLTA POR: \u00a0 Per a ells les urnes son com els alls o la llum del sol per als vampirs... de fet son vampirs xucladors. ARA \u00c9S L'HORA. Ja s\u2019ha posat\u00a0fil a l\u2019agulla. Ara tots junts hem de guanyar la independ\u00e8ncia. Ha arribat l\u2019hora de caminar\u2026","rel":"","context":"A &quot;Tics, tocs i tacs del dia a dia&quot;","block_context":{"text":"Tics, tocs i tacs del dia a dia","link":"http:\/\/manelmorral.cat\/blog\/?cat=1"},"img":{"alt_text":"","src":"https:\/\/i0.wp.com\/manelmorral.cat\/blog\/wp-content\/uploads\/2013\/12\/URNA-M\u00c3\u0089S-VOT1-245x300.jpg?resize=350%2C200","width":350,"height":200},"classes":[]},{"id":7355,"url":"http:\/\/manelmorral.cat\/blog\/?p=7355","url_meta":{"origin":9997,"position":2},"title":"LA CUP, ANTICAPITALISTES ANTISISTEMA I ANTI-TOT, TRET DE LES SEVES COSES","author":"manel","date":"04\/01\/2016","format":false,"excerpt":"Tot i que ja se sabia i \u00e9s veia venir, avui \u00e9s un dia de dol per a Catalunya i els catalans: la CUP ha tra\u00eft i enterrat les il\u00b7lusions de mil\u00b7lions de catalans. Deia un bon amic \u201cson uns tril\u00b7lers i uns chavistes\u201d... amic Pius, quedes curt: tamb\u00e9 son\u2026","rel":"","context":"A &quot;Al cap i a la fi, si s\u00f3n com s\u00f3n, \u00e9s m\u00e9s divertit riure'ns-en que lamentar-ho&quot;","block_context":{"text":"Al cap i a la fi, si s\u00f3n com s\u00f3n, \u00e9s m\u00e9s divertit riure'ns-en que lamentar-ho","link":"http:\/\/manelmorral.cat\/blog\/?cat=12"},"img":{"alt_text":"","src":"https:\/\/i0.wp.com\/manelmorral.cat\/blog\/wp-content\/uploads\/2016\/01\/QUOTA-DINGRES-DE-LA-CUP-001-300x294.jpg?resize=350%2C200","width":350,"height":200},"classes":[]},{"id":9727,"url":"http:\/\/manelmorral.cat\/blog\/?p=9727","url_meta":{"origin":9997,"position":3},"title":"DOS TARATS JUGANT AL &#8220;QUI LA T\u00c9 M\u00c9S GROSSA&#8221;","author":"manel","date":"04\/01\/2018","format":false,"excerpt":"\u00a0 Acabo de llegir una noticia que m\u2019ha transportat en el temps al 1981, l\u2019any en que LA TRINCA va publicar \"El Baion de l'Otan\". A l\u2019ensems remenaven les cireres al m\u00f3n el Ronald Reagan als EUA i Leonid Brezhnev a R\u00daSSIA. Tenien el cervell malalt, eren violents i s\u2019amena\u00e7aven\u2026","rel":"","context":"A &quot;Tics, tocs i tacs del dia a dia&quot;","block_context":{"text":"Tics, tocs i tacs del dia a dia","link":"http:\/\/manelmorral.cat\/blog\/?cat=1"},"img":{"alt_text":"","src":"https:\/\/i0.wp.com\/manelmorral.cat\/blog\/wp-content\/uploads\/2018\/01\/TARATS.jpg?resize=350%2C200","width":350,"height":200,"srcset":"https:\/\/i0.wp.com\/manelmorral.cat\/blog\/wp-content\/uploads\/2018\/01\/TARATS.jpg?resize=350%2C200 1x, https:\/\/i0.wp.com\/manelmorral.cat\/blog\/wp-content\/uploads\/2018\/01\/TARATS.jpg?resize=525%2C300 1.5x, https:\/\/i0.wp.com\/manelmorral.cat\/blog\/wp-content\/uploads\/2018\/01\/TARATS.jpg?resize=700%2C400 2x, https:\/\/i0.wp.com\/manelmorral.cat\/blog\/wp-content\/uploads\/2018\/01\/TARATS.jpg?resize=1050%2C600 3x"},"classes":[]},{"id":3257,"url":"http:\/\/manelmorral.cat\/blog\/?p=3257","url_meta":{"origin":9997,"position":4},"title":"HA MORT &#8220;DON MANOLO&#8221;","author":"manel","date":"17\/01\/2012","format":false,"excerpt":"En l\u2019article \u201cEL CARRER JA NO \u00c9S SEU\u201d del diari ARA del dilluns, el TONI SOLER deia referint-se a la mort d\u2019en Manuel Fraga: ... Milers de represaliats han mort abans que ell esperant una reparaci\u00f3. Almenys s'estalviaran de veure com un c\u00f2mplice del dictador, un agent actiu de l'intent\u2026","rel":"","context":"A &quot;Al cap i a la fi, si s\u00f3n com s\u00f3n, \u00e9s m\u00e9s divertit riure'ns-en que lamentar-ho&quot;","block_context":{"text":"Al cap i a la fi, si s\u00f3n com s\u00f3n, \u00e9s m\u00e9s divertit riure'ns-en que lamentar-ho","link":"http:\/\/manelmorral.cat\/blog\/?cat=12"},"img":{"alt_text":"","src":"https:\/\/i0.wp.com\/manelmorral.cat\/blog\/wp-content\/uploads\/2012\/01\/Retrobament-de-dos-vells-camarades-001-215x300.jpg?resize=350%2C200","width":350,"height":200},"classes":[]},{"id":7217,"url":"http:\/\/manelmorral.cat\/blog\/?p=7217","url_meta":{"origin":9997,"position":5},"title":"LA CONXORXA DELS NECIS","author":"manel","date":"02\/12\/2015","format":false,"excerpt":"Vaig escoltar el tal Ba\u00f1os dient en una entrevista a RAC1: \u201dla CUP no t\u00e9 l\u00edders, tan sols representants, i que, conseq\u00fcentment, prenem decisions en assemblees escoltant la veu de la gent...\u201d. Ara \u00e9s quan no entenc res de res... Els \u00a01.200 assemblearis de la CUP del passat diumenge a\u2026","rel":"","context":"A &quot;Al cap i a la fi, si s\u00f3n com s\u00f3n, \u00e9s m\u00e9s divertit riure'ns-en que lamentar-ho&quot;","block_context":{"text":"Al cap i a la fi, si s\u00f3n com s\u00f3n, \u00e9s m\u00e9s divertit riure'ns-en que lamentar-ho","link":"http:\/\/manelmorral.cat\/blog\/?cat=12"},"img":{"alt_text":"bombardeig de la CUP al proces","src":"https:\/\/i0.wp.com\/manelmorral.cat\/blog\/wp-content\/uploads\/2015\/12\/bombardeig-de-la-CUP-al-proces-747x1024.jpg?resize=350%2C200","width":350,"height":200},"classes":[]}],"_links":{"self":[{"href":"http:\/\/manelmorral.cat\/blog\/index.php?rest_route=\/wp\/v2\/posts\/9997"}],"collection":[{"href":"http:\/\/manelmorral.cat\/blog\/index.php?rest_route=\/wp\/v2\/posts"}],"about":[{"href":"http:\/\/manelmorral.cat\/blog\/index.php?rest_route=\/wp\/v2\/types\/post"}],"author":[{"embeddable":true,"href":"http:\/\/manelmorral.cat\/blog\/index.php?rest_route=\/wp\/v2\/users\/2"}],"replies":[{"embeddable":true,"href":"http:\/\/manelmorral.cat\/blog\/index.php?rest_route=%2Fwp%2Fv2%2Fcomments&post=9997"}],"version-history":[{"count":0,"href":"http:\/\/manelmorral.cat\/blog\/index.php?rest_route=\/wp\/v2\/posts\/9997\/revisions"}],"wp:attachment":[{"href":"http:\/\/manelmorral.cat\/blog\/index.php?rest_route=%2Fwp%2Fv2%2Fmedia&parent=9997"}],"wp:term":[{"taxonomy":"category","embeddable":true,"href":"http:\/\/manelmorral.cat\/blog\/index.php?rest_route=%2Fwp%2Fv2%2Fcategories&post=9997"},{"taxonomy":"post_tag","embeddable":true,"href":"http:\/\/manelmorral.cat\/blog\/index.php?rest_route=%2Fwp%2Fv2%2Ftags&post=9997"}],"curies":[{"name":"wp","href":"https:\/\/api.w.org\/{rel}","templated":true}]}}